{"id":5203,"date":"2025-06-10T11:18:20","date_gmt":"2025-06-10T11:18:20","guid":{"rendered":"https:\/\/informacionlocal.es\/estate-inclusiva-a-pozo-negro-con-la-fundacion-canaria-de-apoyo-a-los-trastornos-del-neurodesarrollo-fondazione-canaria-per-il-sostegno-ai-disturbi-del-neurosviluppo\/"},"modified":"2025-06-10T11:18:20","modified_gmt":"2025-06-10T11:18:20","slug":"estate-inclusiva-a-pozo-negro-con-la-fundacion-canaria-de-apoyo-a-los-trastornos-del-neurodesarrollo-fondazione-canaria-per-il-sostegno-ai-disturbi-del-neurosviluppo","status":"publish","type":"post","link":"https:\/\/informacionlocal.es\/it\/estate-inclusiva-a-pozo-negro-con-la-fundacion-canaria-de-apoyo-a-los-trastornos-del-neurodesarrollo-fondazione-canaria-per-il-sostegno-ai-disturbi-del-neurosviluppo\/","title":{"rendered":"Estate inclusiva a Pozo Negro con la Fundaci\u00f3n Canaria de Apoyo a los Trastornos del Neurodesarrollo (Fondazione canaria per il sostegno ai disturbi del neurosviluppo)"},"content":{"rendered":"<div class=\"elementor-widget-container\">\n<p><strong>Estate inclusiva a Pozo Negro con la Fundaci\u00f3n Canaria de Apoyo a los Trastornos del Neurodesarrollo (Fondazione canaria per il sostegno ai disturbi del neurosviluppo)<\/strong><\/p>\n<p><strong>&#8211; Antigua collabora con il Campo estivo inclusivo organizzato da Funteac a Pozo Negro dal 21 al 23 luglio.<\/strong><br \/><strong>&#8211; La registrazione \u00e8 gratuita e pu\u00f2 essere effettuata inviando un&#8217;e-mail a talleres.funteac@gmail.com o cliccando sul link https:\/\/forms.gle\/3oZGCHUDQnqcnyTv6.<\/strong><\/p>\n<p>Il Comune di Antigua collabora con il Campo estivo inclusivo organizzato a Pozo Negro dalla Fundaci\u00f3n Canaria de Apoyo a los Trastornos del Neurodesarrollo, Funteac, dal 21 al 23 luglio.<\/p>\n<p>Il sindaco Mat\u00edas Pe\u00f1a e l&#8217;assessore ai Servizi Sociali Am\u00e9rica Soto hanno incontrato la presidente della Fondazione, Fabiola Moreno, che ha sottolineato il sostegno del Comune di Antigua, sia con le sovvenzioni annuali che permettono a Funteac di coprire i costi delle attivit\u00e0 e del mantenimento di Funteac, sia per questo Campo Estivo Inclusivo, mettendoci a disposizione le strutture di Pozo Negro e aiutandoci con la logistica necessaria per questo evento.<\/p>\n<p>La collaborazione con Funteac \u00e8 una caratteristica costante del Comune di Antigua in tutto ci\u00f2 che ci propone, afferma il sindaco, Mat\u00edas Pe\u00f1a, in particolare questo Campo Estivo Inclusivo che permette a numerosi bambini con esigenze speciali, tra i 4 e i 17 anni, di iscriversi gratuitamente per una giornata di tre giorni con professionisti, monitori e tutor con cui possono godersi la spiaggia, le escursioni e le attivit\u00e0 acquatiche.<\/p>\n<p>L&#8217;assessore Soto Betancor sottolinea il servizio necessario fornito dalle associazioni e dagli enti sociali in tante aree di attenzione diretta nel Comune, ricordando che il periodo di richiesta di sovvenzioni da parte dei Servizi sociali rimane aperto fino al 16 giugno compreso, con uno stanziamento di 80.000 euro.<\/p>\n<\/p>\n<\/div>\n","protected":false},"excerpt":{"rendered":"<p><strong>Estate inclusiva a Pozo Negro con la Fundaci\u00f3n Canaria de Apoyo a los Trastornos del Neurodesarrollo (Fondazione canaria per il sostegno ai disturbi del neurosviluppo)<\/strong><\/p>\n","protected":false},"author":1,"featured_media":5200,"comment_status":"open","ping_status":"open","sticky":false,"template":"","format":"standard","meta":{"inline_featured_image":false,"jnews-multi-image_gallery":[],"jnews_single_post":[],"jnews_primary_category":[],"jnews_social_meta":[],"jnews_override_counter":[],"jnews_post_split":[],"footnotes":""},"categories":[282],"tags":[],"class_list":["post-5203","post","type-post","status-publish","format-standard","has-post-thumbnail","hentry","category-antigua-it"],"jetpack_featured_media_url":"https:\/\/informacionlocal.es\/wp-content\/uploads\/2025\/06\/deporte-inclusivo-en-pozo-negro-con-funteac.jpg","_links":{"self":[{"href":"https:\/\/informacionlocal.es\/it\/wp-json\/wp\/v2\/posts\/5203","targetHints":{"allow":["GET"]}}],"collection":[{"href":"https:\/\/informacionlocal.es\/it\/wp-json\/wp\/v2\/posts"}],"about":[{"href":"https:\/\/informacionlocal.es\/it\/wp-json\/wp\/v2\/types\/post"}],"author":[{"embeddable":true,"href":"https:\/\/informacionlocal.es\/it\/wp-json\/wp\/v2\/users\/1"}],"replies":[{"embeddable":true,"href":"https:\/\/informacionlocal.es\/it\/wp-json\/wp\/v2\/comments?post=5203"}],"version-history":[{"count":0,"href":"https:\/\/informacionlocal.es\/it\/wp-json\/wp\/v2\/posts\/5203\/revisions"}],"wp:featuredmedia":[{"embeddable":true,"href":"https:\/\/informacionlocal.es\/it\/wp-json\/wp\/v2\/media\/5200"}],"wp:attachment":[{"href":"https:\/\/informacionlocal.es\/it\/wp-json\/wp\/v2\/media?parent=5203"}],"wp:term":[{"taxonomy":"category","embeddable":true,"href":"https:\/\/informacionlocal.es\/it\/wp-json\/wp\/v2\/categories?post=5203"},{"taxonomy":"post_tag","embeddable":true,"href":"https:\/\/informacionlocal.es\/it\/wp-json\/wp\/v2\/tags?post=5203"}],"curies":[{"name":"wp","href":"https:\/\/api.w.org\/{rel}","templated":true}]}}