{"id":5192,"date":"2025-06-09T16:12:10","date_gmt":"2025-06-09T16:12:10","guid":{"rendered":"https:\/\/informacionlocal.es\/pajara-apre-le-iscrizioni-per-il-digital-camp-rivolto-ai-giovani-dai-9-ai-17-anni\/"},"modified":"2025-06-09T16:12:10","modified_gmt":"2025-06-09T16:12:10","slug":"pajara-apre-le-iscrizioni-per-il-digital-camp-rivolto-ai-giovani-dai-9-ai-17-anni","status":"publish","type":"post","link":"https:\/\/informacionlocal.es\/it\/pajara-apre-le-iscrizioni-per-il-digital-camp-rivolto-ai-giovani-dai-9-ai-17-anni\/","title":{"rendered":"P\u00e1jara apre le iscrizioni per il Digital Camp rivolto ai giovani dai 9 ai 17 anni."},"content":{"rendered":"<div class=\"entry-content\">\n<p><b><i>Una proposta educativa gratuita promossa dalla Fundaci\u00f3n Cibervoluntarios per apprendere le competenze digitali in modo creativo, sicuro e divertente.  <\/i><\/b><\/p>\n<p><span>Il Dipartimento della Giovent\u00f9 del Comune di P\u00e1jara annuncia l \u201capertura delle iscrizioni al Digital Camp, un\u201d iniziativa promossa dalla Fundaci\u00f3n Cibervoluntarios. Si tratta di un programma innovativo di attivit\u00e0 extrascolastiche, gratuite, che mira a rafforzare le competenze digitali di bambini e adolescenti tra i 9 e i 17 anni.   <\/span><\/p>\n<p><span>L \u201ciniziativa fa parte del Programma Competenze Digitali per l\u201d Infanzia (CODI), promosso dal Ministero della Giovent\u00f9 e dell \u201cInfanzia e finanziato dall\u201d Unione Europea attraverso i fondi Next Generation EU.  <\/span><\/p>\n<p><span>L &#8220;assessore alla Giovent\u00f9, Juan Jos\u00e9 Viera, sottolinea l&#8221; importanza di questo programma per lo sviluppo personale e accademico dei bambini. &#8220;Promuovere l \u2018alfabetizzazione digitale fin dalla pi\u00f9 tenera et\u00e0 \u00e8 un impegno a favore delle pari opportunit\u00e0 e del progresso integrale dei nostri bambini e giovani. Iniziative come questa ci aiutano a preparare le nuove generazioni ad affrontare le sfide dell\u2019 ambiente digitale in modo sicuro e responsabile&#8221;, ha dichiarato.   <\/span><\/p>\n<p><span>Durante il mese di luglio, il Digital Camp si svolger\u00e0 al mattino, dalle 9:00 alle 14:00, presso il Centro Commerciale Cosmo, situato in Avenida del Saladar, 3. Il programma sar\u00e0 strutturato per fasce d \u201cet\u00e0: dal 7 all\u201d 11 luglio parteciperanno i bambini dai 9 agli 11 anni; dal 14 al 18 luglio sar\u00e0 la volta dei ragazzi dai 12 ai 13 anni; e dal 21 al 25 luglio parteciperanno gli adolescenti dai 14 ai 17 anni. In ogni gruppo si svolgeranno giochi, sfide e dinamiche adatte alla loro fase di apprendimento, promuovendo un uso positivo e creativo degli strumenti digitali.    <\/span><\/p>\n<p><span>Da parte sua, il sindaco di P\u00e1jara, Alejandro Jorge, sottolinea che &#8220;realizzare azioni rivolte ai giovani, che evidenziano l&#8217;importanza delle nuove tecnologie, soprattutto in questa stagione estiva, non \u00e8 solo una forma di intrattenimento, ma anche un&#8217;opportunit\u00e0 di apprendimento che sar\u00e0 particolarmente utile una volta terminata l&#8217;azione formativa&#8221;.  <\/span><\/p>\n<p><span>Il Municipio di P\u00e1jara incoraggia tutte le famiglie a iscrivere i propri figli e figlie a questa esperienza formativa che permetter\u00e0 loro di crescere con fiducia e autonomia nel mondo digitale. Le iscrizioni sono aperte e possono essere effettuate gratuitamente attraverso il seguente link:   <\/span><span>Iscrivete il vostro bambino al Campamento Digital gratuitamente!<\/span><\/p>\n<p><img fetchpriority=\"high\" decoding=\"async\" class=\"alignnone size-medium wp-image-20479\" src=\"https:\/\/informacionlocal.es\/wp-content\/uploads\/2025\/06\/campamento-digital-cartel-ayto-pajara-2-1-212x300-1.png\" width=\"212\" height=\"300\" title=\"campamento-digital-cartel-ayto-pajara-2-1-212x300-1\"><\/p>\n<\/div>\n","protected":false},"excerpt":{"rendered":"<p><i>Una proposta educativa gratuita promossa dalla Fundaci\u00f3n Cibervoluntarios per apprendere le competenze digitali in modo creativo, sicuro e divertente.  <\/i><\/p>\n","protected":false},"author":1,"featured_media":5184,"comment_status":"open","ping_status":"open","sticky":false,"template":"","format":"standard","meta":{"inline_featured_image":false,"jnews-multi-image_gallery":[],"jnews_single_post":[],"jnews_primary_category":[],"jnews_social_meta":[],"jnews_override_counter":[],"jnews_post_split":[],"footnotes":""},"categories":[298],"tags":[],"class_list":["post-5192","post","type-post","status-publish","format-standard","has-post-thumbnail","hentry","category-pajara-it"],"jetpack_featured_media_url":"https:\/\/informacionlocal.es\/wp-content\/uploads\/2025\/06\/campamento-digital-cartel-ayto-pajara-2-1.png","_links":{"self":[{"href":"https:\/\/informacionlocal.es\/it\/wp-json\/wp\/v2\/posts\/5192","targetHints":{"allow":["GET"]}}],"collection":[{"href":"https:\/\/informacionlocal.es\/it\/wp-json\/wp\/v2\/posts"}],"about":[{"href":"https:\/\/informacionlocal.es\/it\/wp-json\/wp\/v2\/types\/post"}],"author":[{"embeddable":true,"href":"https:\/\/informacionlocal.es\/it\/wp-json\/wp\/v2\/users\/1"}],"replies":[{"embeddable":true,"href":"https:\/\/informacionlocal.es\/it\/wp-json\/wp\/v2\/comments?post=5192"}],"version-history":[{"count":0,"href":"https:\/\/informacionlocal.es\/it\/wp-json\/wp\/v2\/posts\/5192\/revisions"}],"wp:featuredmedia":[{"embeddable":true,"href":"https:\/\/informacionlocal.es\/it\/wp-json\/wp\/v2\/media\/5184"}],"wp:attachment":[{"href":"https:\/\/informacionlocal.es\/it\/wp-json\/wp\/v2\/media?parent=5192"}],"wp:term":[{"taxonomy":"category","embeddable":true,"href":"https:\/\/informacionlocal.es\/it\/wp-json\/wp\/v2\/categories?post=5192"},{"taxonomy":"post_tag","embeddable":true,"href":"https:\/\/informacionlocal.es\/it\/wp-json\/wp\/v2\/tags?post=5192"}],"curies":[{"name":"wp","href":"https:\/\/api.w.org\/{rel}","templated":true}]}}