{"id":5175,"date":"2025-06-09T10:57:02","date_gmt":"2025-06-09T10:57:02","guid":{"rendered":"https:\/\/informacionlocal.es\/antigua-apre-il-periodo-di-presentazione-delle-domande-per-il-trasporto-scolastico-per-gli-studenti-della-maturita-e-della-formazione-professionale\/"},"modified":"2025-06-09T10:57:02","modified_gmt":"2025-06-09T10:57:02","slug":"antigua-apre-il-periodo-di-presentazione-delle-domande-per-il-trasporto-scolastico-per-gli-studenti-della-maturita-e-della-formazione-professionale","status":"publish","type":"post","link":"https:\/\/informacionlocal.es\/it\/antigua-apre-il-periodo-di-presentazione-delle-domande-per-il-trasporto-scolastico-per-gli-studenti-della-maturita-e-della-formazione-professionale\/","title":{"rendered":"Antigua apre il periodo di presentazione delle domande per il trasporto scolastico per gli studenti della maturit\u00e0 e della formazione professionale."},"content":{"rendered":"<div class=\"elementor-widget-container\">\n<p><strong>Antigua apre il periodo di presentazione delle domande per il trasporto scolastico per gli studenti della maturit\u00e0 e della formazione professionale.<\/strong><\/p>\n<p><strong>&#8211; Antigua garantisce il trasporto scolastico nei suoi bilanci comunali con uno stanziamento di 125.000 euro, risolvendo il trasferimento e la raccolta al mattino e al pomeriggio-sera degli studenti che studiano fuori dal Comune, spiega il sindaco, Matias Pe\u00f1a.  <\/strong><br \/><strong>&#8211; Gli autobus appaltati a questo scopo effettuano un percorso che garantisce il trasporto e la raccolta degli studenti a mezzogiorno, nel pomeriggio e alla sera.<\/strong><br \/><strong>&#8211; Il termine per richiedere un posto attraverso il Registro d&#8217;ingresso inizia luned\u00ec 9 giugno e termina venerd\u00ec 11 luglio.<\/strong><\/p>\n<p>Il Municipio di Antigua apre da luned\u00ec 9 giugno a venerd\u00ec 11 luglio il periodo di presentazione delle domande per il trasporto scolastico degli studenti del Bachillerato e dei Cicli Formativi per l&#8217;anno accademico 2025\/2026.<\/p>\n<p>Negli anni precedenti abbiamo deciso di estendere l&#8217;orario di questo servizio, trasportando e raccogliendo gli studenti al mattino ma soprattutto al pomeriggio e alla sera, per dare tranquillit\u00e0 alle loro famiglie al momento del rientro a casa&#8221;. Il Sindaco, Mat\u00edas Pe\u00f1a, aggiunge che a tal fine il Bilancio comunale recentemente approvato prevede uno stanziamento di 125.000 euro per garantire questo trasporto scolastico.<\/p>\n<p>Il Comune di Antigua, grazie al Dipartimento dell \u201cEducazione, offre questo servizio di trasporto scolastico giornaliero gratuito agli studenti che studiano fuori dal comune, incoraggiando le famiglie e i giovani a mantenere e continuare gli studi, dice l\u201d assessore della zona, America Soto Betancor, evitando loro questo costo.<\/p>\n<p>L \u201cAssessore all\u201d Educazione, Am\u00e9rica Soto, ricorda che le domande degli studenti di Bachillerato o Ciclos Formativos, residenti nel Comune, che desiderano ottenere un posto nel servizio di trasporto scolastico, devono presentare, tra gli altri documenti, il certificato o la prova di iscrizione debitamente timbrata, una fotografia originale formato tessera, una fotocopia della carta d \u201cidentit\u00e0 dell\u201d interessato e dei tutori, oltre ai moduli debitamente compilati e firmati.<\/p>\n<p>La domanda deve essere presentata registrandosi presso il Municipio di Antigua, l&#8217;Ufficio del Sindaco a Caleta de Fuste o tramite il sito web www.ayto-antigua.es. L&#8217;assessore sottolinea che il Dipartimento dell&#8217;Istruzione \u00e8 a disposizione dei richiedenti per ulteriori informazioni o per aiutarli in qualsiasi modo a presentare la domanda, sia di persona che chiamando 928168170.<\/p>\n<\/div>\n","protected":false},"excerpt":{"rendered":"<p><strong>Antigua apre il periodo di presentazione delle domande per il trasporto scolastico per gli studenti della maturit\u00e0 e della formazione professionale.<\/strong><\/p>\n","protected":false},"author":1,"featured_media":5172,"comment_status":"open","ping_status":"open","sticky":false,"template":"","format":"standard","meta":{"inline_featured_image":false,"jnews-multi-image_gallery":[],"jnews_single_post":[],"jnews_primary_category":[],"jnews_social_meta":[],"jnews_override_counter":[],"jnews_post_split":[],"footnotes":""},"categories":[282],"tags":[309],"class_list":["post-5175","post","type-post","status-publish","format-standard","has-post-thumbnail","hentry","category-antigua-it","tag-educacion-it"],"jetpack_featured_media_url":"https:\/\/informacionlocal.es\/wp-content\/uploads\/2025\/06\/transporte-escolar.jpg","_links":{"self":[{"href":"https:\/\/informacionlocal.es\/it\/wp-json\/wp\/v2\/posts\/5175","targetHints":{"allow":["GET"]}}],"collection":[{"href":"https:\/\/informacionlocal.es\/it\/wp-json\/wp\/v2\/posts"}],"about":[{"href":"https:\/\/informacionlocal.es\/it\/wp-json\/wp\/v2\/types\/post"}],"author":[{"embeddable":true,"href":"https:\/\/informacionlocal.es\/it\/wp-json\/wp\/v2\/users\/1"}],"replies":[{"embeddable":true,"href":"https:\/\/informacionlocal.es\/it\/wp-json\/wp\/v2\/comments?post=5175"}],"version-history":[{"count":0,"href":"https:\/\/informacionlocal.es\/it\/wp-json\/wp\/v2\/posts\/5175\/revisions"}],"wp:featuredmedia":[{"embeddable":true,"href":"https:\/\/informacionlocal.es\/it\/wp-json\/wp\/v2\/media\/5172"}],"wp:attachment":[{"href":"https:\/\/informacionlocal.es\/it\/wp-json\/wp\/v2\/media?parent=5175"}],"wp:term":[{"taxonomy":"category","embeddable":true,"href":"https:\/\/informacionlocal.es\/it\/wp-json\/wp\/v2\/categories?post=5175"},{"taxonomy":"post_tag","embeddable":true,"href":"https:\/\/informacionlocal.es\/it\/wp-json\/wp\/v2\/tags?post=5175"}],"curies":[{"name":"wp","href":"https:\/\/api.w.org\/{rel}","templated":true}]}}