{"id":5165,"date":"2025-06-09T09:50:59","date_gmt":"2025-06-09T09:50:59","guid":{"rendered":"https:\/\/informacionlocal.es\/il-rapido-intervento-della-polizia-locale-di-la-oliva-e-la-collaborazione-dei-cittadini-evitano-un-grave-danno-ambientale-alla-playa-del-mejillon\/"},"modified":"2025-06-09T09:50:59","modified_gmt":"2025-06-09T09:50:59","slug":"il-rapido-intervento-della-polizia-locale-di-la-oliva-e-la-collaborazione-dei-cittadini-evitano-un-grave-danno-ambientale-alla-playa-del-mejillon","status":"publish","type":"post","link":"https:\/\/informacionlocal.es\/it\/il-rapido-intervento-della-polizia-locale-di-la-oliva-e-la-collaborazione-dei-cittadini-evitano-un-grave-danno-ambientale-alla-playa-del-mejillon\/","title":{"rendered":"Il rapido intervento della Polizia Locale di La Oliva e la collaborazione dei cittadini evitano un grave danno ambientale alla \u201cPlaya del Mejill\u00f3n\u201d."},"content":{"rendered":"<p>Un quad \u00e8 stato sorpreso ad accedere illegalmente a quest&#8217;area protetta, dove il traffico veicolare \u00e8 severamente vietato in quanto si tratta di una zona di alto valore ecologico. Questa enclave unica, costituita da rodoliti &#8211; piccole alghe calcaree che assomigliano a popcorn &#8211; \u00e8 estremamente fragile: ogni passo \u00e8 un impatto, e ancor pi\u00f9 il passaggio di ruote come quelle di questo veicolo. <\/p>\n<p>Grazie a un video inviato da un anonimo, l&#8217;Unit\u00e0 UMA ha agito rapidamente, localizzando e intercettando l&#8217;autore del reato nel giro di poche ore. L&#8217;intervento ha evitato ulteriori danni e ha dimostrato l&#8217;efficacia della collaborazione tra cittadini e forze dell&#8217;ordine. <\/p>\n<p>Il sindaco di La Oliva, Isa\u00ed Blanco, ha voluto congratularsi &#8220;con gli agenti dell&#8217;Unit\u00e0 UMA per la loro risposta rapida ed efficace a questa grave violazione&#8221; e ha ringraziato i cittadini per la loro collaborazione: &#8220;La protezione del nostro ambiente non \u00e8 solo un compito istituzionale. Abbiamo bisogno di una cittadinanza vigile e impegnata, e questo caso \u00e8 un chiaro esempio di come insieme possiamo fermare le aggressioni contro il paesaggio e il patrimonio naturale che ci definisce&#8221;.<\/p>\n<p>Da parte sua, l &#8220;assessore all&#8221; Ambiente, David Fajardo, ha voluto sottolineare il lavoro specifico svolto da questa unit\u00e0 specializzata: &#8220;L \u2018Unit\u00e0 UMA \u00e8 stata creata per rispondere alle sfide ambientali di un Comune con un ambiente naturale esteso e delicato come il nostro. Questa operazione dimostra che la sua presenza \u00e8 fondamentale\u2019. \u2018Inoltre, siamo profondamente grati alla persona che ha registrato e segnalato l\u2019 incidente. La collaborazione dei cittadini, insieme al lavoro tecnico e rigoroso dei nostri agenti, \u00e8 il nostro miglior strumento per proteggere aree sensibili come Playa del Mejill\u00f3n&#8221;. <\/p>\n<p>Il Comune ricorda alla popolazione che l \u201caccesso non autorizzato alle aree naturali protette \u00e8 un reato grave e pu\u00f2 comportare sanzioni significative. Invita inoltre i cittadini a continuare a utilizzare i canali ufficiali per segnalare questo tipo di comportamento e contribuire alla difesa dell\u201d ambiente naturale del Comune. <\/p>\n<p>Prendersi cura de La Oliva \u00e8 un compito di tutti. La natura non si calpesta: si rispetta. <\/p>\n","protected":false},"excerpt":{"rendered":"<p><span>Il Comune di La Oliva riconosce e apprezza le prestazioni esemplari dell&#8217;Unit\u00e0 UMA (Unit\u00e0 Ambientale) della Polizia Locale, cos\u00ec come il coinvolgimento dei cittadini, a seguito di un incidente registrato questa domenica sulla spiaggia conosciuta come Las Palomitas, uno degli ambienti naturali pi\u00f9 emblematici e sensibili del comune.<\/span><\/p>\n","protected":false},"author":1,"featured_media":5160,"comment_status":"open","ping_status":"open","sticky":false,"template":"","format":"standard","meta":{"inline_featured_image":false,"jnews-multi-image_gallery":[],"jnews_single_post":[],"jnews_primary_category":[],"jnews_social_meta":[],"jnews_override_counter":[],"jnews_post_split":[],"footnotes":""},"categories":[292],"tags":[205],"class_list":["post-5165","post","type-post","status-publish","format-standard","has-post-thumbnail","hentry","category-la-oliva-it","tag-ambiente"],"jetpack_featured_media_url":"https:\/\/informacionlocal.es\/wp-content\/uploads\/2025\/06\/5210_2e7be558.png","_links":{"self":[{"href":"https:\/\/informacionlocal.es\/it\/wp-json\/wp\/v2\/posts\/5165","targetHints":{"allow":["GET"]}}],"collection":[{"href":"https:\/\/informacionlocal.es\/it\/wp-json\/wp\/v2\/posts"}],"about":[{"href":"https:\/\/informacionlocal.es\/it\/wp-json\/wp\/v2\/types\/post"}],"author":[{"embeddable":true,"href":"https:\/\/informacionlocal.es\/it\/wp-json\/wp\/v2\/users\/1"}],"replies":[{"embeddable":true,"href":"https:\/\/informacionlocal.es\/it\/wp-json\/wp\/v2\/comments?post=5165"}],"version-history":[{"count":0,"href":"https:\/\/informacionlocal.es\/it\/wp-json\/wp\/v2\/posts\/5165\/revisions"}],"wp:featuredmedia":[{"embeddable":true,"href":"https:\/\/informacionlocal.es\/it\/wp-json\/wp\/v2\/media\/5160"}],"wp:attachment":[{"href":"https:\/\/informacionlocal.es\/it\/wp-json\/wp\/v2\/media?parent=5165"}],"wp:term":[{"taxonomy":"category","embeddable":true,"href":"https:\/\/informacionlocal.es\/it\/wp-json\/wp\/v2\/categories?post=5165"},{"taxonomy":"post_tag","embeddable":true,"href":"https:\/\/informacionlocal.es\/it\/wp-json\/wp\/v2\/tags?post=5165"}],"curies":[{"name":"wp","href":"https:\/\/api.w.org\/{rel}","templated":true}]}}