{"id":5091,"date":"2025-06-06T16:18:09","date_gmt":"2025-06-06T16:18:09","guid":{"rendered":"https:\/\/informacionlocal.es\/la-partecipazione-dei-bambini-e-linnovazione-vanno-di-pari-passo-per-migliorare-puerto-del-rosario\/"},"modified":"2025-06-06T16:18:09","modified_gmt":"2025-06-06T16:18:09","slug":"la-partecipazione-dei-bambini-e-linnovazione-vanno-di-pari-passo-per-migliorare-puerto-del-rosario","status":"publish","type":"post","link":"https:\/\/informacionlocal.es\/it\/la-partecipazione-dei-bambini-e-linnovazione-vanno-di-pari-passo-per-migliorare-puerto-del-rosario\/","title":{"rendered":"La partecipazione dei bambini e l&#8217;innovazione vanno di pari passo per migliorare Puerto del Rosario"},"content":{"rendered":"<div class=\"entry-content\">\n<p>Il CEIP Poeta Domingo Vel\u00e1zquez ha realizzato un progetto basato sul Project Based Learning (PBL) in cui gli studenti di quinta e sesta classe hanno esplorato e risolto vari problemi applicando il pensiero computazionale e utilizzando strumenti innovativi come Lego Spike Essential, Wedo e Makey Makey, il tutto con la consapevolezza dell&#8217;uso di materiale riciclato per trovare soluzioni sostenibili ai problemi ambientali.<\/p>\n<p>L \u201cinclusione di questo <strong>progetto nella Citt\u00e0 amica dei bambini (CAI)<\/strong> ha permesso agli alunni di condurre un progetto il cui prodotto finale \u00e8 stato presentato alla sessione plenaria del Consiglio per l\u201d infanzia e l \u201cadolescenza il 20 maggio, oltre a promuovere la partecipazione e il rafforzamento di bambini attivi e impegnati come persone con pieni diritti. Inoltre, grazie all\u201d esistenza del CAI, \u00e8 stato possibile collegare questa iniziativa con la parte politica nella conoscenza del progetto elaborato dagli alunni e nella consegna di proposte per una Puerto del Rosario sostenibile e meglio comunicata. <\/p>\n<p>Due esperienze innovative sono state realizzate attraverso la domotica. Da un lato, la creazione di una &#8220;citt\u00e0 in 15 minuti&#8221; in cui non solo abbiamo analizzato se Puerto del Rosario soddisfa il criterio di avere servizi essenziali a disposizione di qualsiasi cittadino entro 15 minuti, ma abbiamo anche sviluppato una serie di proposte basate su alternative reali per migliorare la sostenibilit\u00e0 e l&#8217;intelligenza urbana; dall&#8217;altro, la creazione di un parco per il tempo libero e lo svago che consente alla popolazione di divertirsi e divertire, nonch\u00e9 alla citt\u00e0 di essere una fonte di imprenditorialit\u00e0 che genera ricchezza per l&#8217;economia del comune. <\/p>\n<p>Alla cerimonia di presentazione del 6 giugno hanno partecipato il <strong>sindaco, David de Vera, e gli assessori dei dipartimenti dell \u201cEducazione, della Mobilit\u00e0, dell\u201d Ambiente e dei Trasporti<\/strong>, che hanno espresso la loro gratitudine e il loro entusiasmo per un corpo studentesco impegnato a migliorare il territorio comunale fin dalla pi\u00f9 tenera et\u00e0 e in una prospettiva di ricerca, dialogo e partecipazione.<\/p>\n<p>Il seguito di queste proposte sar\u00e0 valutato nella prossima sessione plenaria del Consiglio per l \u201cinfanzia e l\u201d adolescenza del 20 novembre.<\/p>\n<\/div>\n","protected":false},"excerpt":{"rendered":"<p>Il CEIP Poeta Domingo Vel\u00e1zquez ha realizzato un progetto basato sul Project Based Learning (PBL) in cui gli studenti di quinta e sesta classe hanno esplorato e risolto vari problemi [&hellip;]<\/p>\n","protected":false},"author":1,"featured_media":5088,"comment_status":"open","ping_status":"open","sticky":false,"template":"","format":"standard","meta":{"inline_featured_image":false,"jnews-multi-image_gallery":[],"jnews_single_post":[],"jnews_primary_category":[],"jnews_social_meta":[],"jnews_override_counter":[],"jnews_post_split":[],"footnotes":""},"categories":[295],"tags":[205,309,204],"class_list":["post-5091","post","type-post","status-publish","format-standard","has-post-thumbnail","hentry","category-puerto-del-rosario-it","tag-ambiente","tag-educacion-it","tag-trasporto"],"jetpack_featured_media_url":"https:\/\/informacionlocal.es\/wp-content\/uploads\/2025\/06\/cai-titu-smart-city-grupo-maqueta.jpg","_links":{"self":[{"href":"https:\/\/informacionlocal.es\/it\/wp-json\/wp\/v2\/posts\/5091","targetHints":{"allow":["GET"]}}],"collection":[{"href":"https:\/\/informacionlocal.es\/it\/wp-json\/wp\/v2\/posts"}],"about":[{"href":"https:\/\/informacionlocal.es\/it\/wp-json\/wp\/v2\/types\/post"}],"author":[{"embeddable":true,"href":"https:\/\/informacionlocal.es\/it\/wp-json\/wp\/v2\/users\/1"}],"replies":[{"embeddable":true,"href":"https:\/\/informacionlocal.es\/it\/wp-json\/wp\/v2\/comments?post=5091"}],"version-history":[{"count":0,"href":"https:\/\/informacionlocal.es\/it\/wp-json\/wp\/v2\/posts\/5091\/revisions"}],"wp:featuredmedia":[{"embeddable":true,"href":"https:\/\/informacionlocal.es\/it\/wp-json\/wp\/v2\/media\/5088"}],"wp:attachment":[{"href":"https:\/\/informacionlocal.es\/it\/wp-json\/wp\/v2\/media?parent=5091"}],"wp:term":[{"taxonomy":"category","embeddable":true,"href":"https:\/\/informacionlocal.es\/it\/wp-json\/wp\/v2\/categories?post=5091"},{"taxonomy":"post_tag","embeddable":true,"href":"https:\/\/informacionlocal.es\/it\/wp-json\/wp\/v2\/tags?post=5091"}],"curies":[{"name":"wp","href":"https:\/\/api.w.org\/{rel}","templated":true}]}}