{"id":5081,"date":"2025-06-06T15:31:04","date_gmt":"2025-06-06T15:31:04","guid":{"rendered":"https:\/\/informacionlocal.es\/il-sindaco-david-de-vera-riceve-in-municipio-jessica-de-leon-assessore-al-turismo-del-governo-delle-isole-canarie\/"},"modified":"2025-06-06T15:31:04","modified_gmt":"2025-06-06T15:31:04","slug":"il-sindaco-david-de-vera-riceve-in-municipio-jessica-de-leon-assessore-al-turismo-del-governo-delle-isole-canarie","status":"publish","type":"post","link":"https:\/\/informacionlocal.es\/it\/il-sindaco-david-de-vera-riceve-in-municipio-jessica-de-leon-assessore-al-turismo-del-governo-delle-isole-canarie\/","title":{"rendered":"Il sindaco David de Vera riceve in municipio Jessica de Le\u00f3n, assessore al Turismo del Governo delle Isole Canarie."},"content":{"rendered":"<div class=\"entry-content\">\n<p>Venerd\u00ec 6 giugno, a mezzogiorno, il sindaco David de Vera ha ricevuto in municipio l&#8217;assessore al Turismo del Governo delle Isole Canarie, Jessica de Le\u00f3n. All&#8217;incontro hanno partecipato l&#8217;Assessore ai Lavori Municipali, Urbanistica e Pianificazione, Ana Mar\u00eda Hern\u00e1ndez; l&#8217;Assessore al Turismo, Rosa Rodr\u00edguez; l&#8217;Assessore al Commercio, Tacoremi Guti\u00e9rrez e il Direttore Generale di Gesprotur, societ\u00e0 pubblica del Ministero del Turismo del Governo delle Canarie. <\/p>\n<p>In questa riunione sono stati monitorati i diversi lavori e progetti programmati nel comune di Puerto del Rosario, come l&#8217;estensione del lungomare alla zona di El Charco, gli interventi nel centro storico della capitale, la riabilitazione della Plaza de Espa\u00f1a (conosciuta come Plaza de los enamorados), la riabilitazione del mulino di La Charca o la rotatoria nella via Admiral Lallermand, tra le altre questioni.<\/p>\n<p>Il sindaco, David de Vera, ha dichiarato che \u201cinsieme a diversi assessori, stiamo lavorando a diverse azioni per il Comune di Puerto del Rosario, insieme al Ministero del Turismo del Governo delle Isole Canarie, dove sono state programmate molteplici opere di vario genere che andranno senza dubbio a beneficio dei residenti del Comune e di coloro che ci visitano. Una tabella di marcia che mira a raggiungere alcuni obiettivi di miglioramento per il Comune\u201d.<\/p>\n<\/div>\n","protected":false},"excerpt":{"rendered":"<p>Venerd\u00ec 6 giugno, a mezzogiorno, il sindaco David de Vera ha ricevuto in municipio l&#8217;assessore al Turismo del Governo delle Isole Canarie, Jessica de Le\u00f3n. All&#8217;incontro hanno partecipato l&#8217;Assessore ai [&hellip;]<\/p>\n","protected":false},"author":1,"featured_media":5076,"comment_status":"open","ping_status":"open","sticky":false,"template":"","format":"standard","meta":{"inline_featured_image":false,"jnews-multi-image_gallery":[],"jnews_single_post":[],"jnews_primary_category":[],"jnews_social_meta":[],"jnews_override_counter":[],"jnews_post_split":[],"footnotes":""},"categories":[295],"tags":[],"class_list":["post-5081","post","type-post","status-publish","format-standard","has-post-thumbnail","hentry","category-puerto-del-rosario-it"],"jetpack_featured_media_url":"https:\/\/informacionlocal.es\/wp-content\/uploads\/2025\/06\/jessica-de-leon-concejales-060625.jpg","_links":{"self":[{"href":"https:\/\/informacionlocal.es\/it\/wp-json\/wp\/v2\/posts\/5081","targetHints":{"allow":["GET"]}}],"collection":[{"href":"https:\/\/informacionlocal.es\/it\/wp-json\/wp\/v2\/posts"}],"about":[{"href":"https:\/\/informacionlocal.es\/it\/wp-json\/wp\/v2\/types\/post"}],"author":[{"embeddable":true,"href":"https:\/\/informacionlocal.es\/it\/wp-json\/wp\/v2\/users\/1"}],"replies":[{"embeddable":true,"href":"https:\/\/informacionlocal.es\/it\/wp-json\/wp\/v2\/comments?post=5081"}],"version-history":[{"count":0,"href":"https:\/\/informacionlocal.es\/it\/wp-json\/wp\/v2\/posts\/5081\/revisions"}],"wp:featuredmedia":[{"embeddable":true,"href":"https:\/\/informacionlocal.es\/it\/wp-json\/wp\/v2\/media\/5076"}],"wp:attachment":[{"href":"https:\/\/informacionlocal.es\/it\/wp-json\/wp\/v2\/media?parent=5081"}],"wp:term":[{"taxonomy":"category","embeddable":true,"href":"https:\/\/informacionlocal.es\/it\/wp-json\/wp\/v2\/categories?post=5081"},{"taxonomy":"post_tag","embeddable":true,"href":"https:\/\/informacionlocal.es\/it\/wp-json\/wp\/v2\/tags?post=5081"}],"curies":[{"name":"wp","href":"https:\/\/api.w.org\/{rel}","templated":true}]}}