{"id":5031,"date":"2025-06-06T00:34:06","date_gmt":"2025-06-06T00:34:06","guid":{"rendered":"https:\/\/informacionlocal.es\/puerto-del-rosario-rafforza-la-sua-sicurezza-con-nuove-attrezzature-per-le-emergenze-e-il-soccorso-marittimo\/"},"modified":"2025-06-06T00:34:06","modified_gmt":"2025-06-06T00:34:06","slug":"puerto-del-rosario-rafforza-la-sua-sicurezza-con-nuove-attrezzature-per-le-emergenze-e-il-soccorso-marittimo","status":"publish","type":"post","link":"https:\/\/informacionlocal.es\/it\/puerto-del-rosario-rafforza-la-sua-sicurezza-con-nuove-attrezzature-per-le-emergenze-e-il-soccorso-marittimo\/","title":{"rendered":"Puerto del Rosario rafforza la sua sicurezza con nuove attrezzature per le emergenze e il soccorso marittimo."},"content":{"rendered":"<div class=\"entry-content\">\n<p>Il Comune di Puerto del Rosario, attraverso il Dipartimento di Emergenza, ha presentato gioved\u00ec 5 giugno le nuove attrezzature specializzate per gli interventi in situazioni di emergenza e di soccorso marittimo. Questa acquisizione ribadisce l \u201c<strong>impegno del Comune per la sicurezza dei cittadini<\/strong>, soprattutto nell\u201d ambiente costiero e nelle attivit\u00e0 nautiche. <\/p>\n<p>Le nuove attrezzature comprendono un \u201cimbarcazione di tipo Zodiac, un drone marino all\u201d avanguardia per le operazioni di salvataggio in mare e turbine idrauliche a propulsione rapida. Questi strumenti sono integrati nelle operazioni quotidiane dei vigili del fuoco comunali, che hanno gi\u00e0 ricevuto una formazione tecnica specifica sul loro utilizzo. <\/p>\n<p>Inoltre, l \u201ciniziativa ha contato sulla collaborazione del tecnico coordinatore del Comune di La Oliva, che ha tenuto sessioni di formazione sia al personale dei <strong>vigili del fuoco di Puerto del Rosario<\/strong> sia agli <strong>studenti del ciclo intermedio di Trasporto Sanitario dell\u201d IES Majada Marcial.<\/strong> Questo approccio collaborativo rafforza anche i legami intercomunali nel campo delle emergenze e contribuisce alla formazione pratica dei futuri professionisti del settore.<\/p>\n<p><strong>David de Vera<\/strong>, sindaco di Puerto del Rosario, ha sottolineato che <em>&#8220;la sicurezza delle nostre coste e la capacit\u00e0 di rispondere rapidamente alle emergenze sono priorit\u00e0 assolute per questo Comune. Questo investimento in tecnologia e formazione dimostra il nostro impegno per una citt\u00e0 preparata e resiliente. Siamo particolarmente grati per la collaborazione con il Comune di La Oliva e per l&#8217;impegno dei formatori e dei vigili del fuoco locali che hanno partecipato a questo processo&#8221;.<\/em><\/p>\n<p><em> <\/em>Da parte sua, l&#8217;assessore ai Contratti, <strong>Mar\u00eda Franco<\/strong>, ha sottolineato che<em> &#8220;questa acquisizione \u00e8 il risultato di una gestione efficiente delle risorse pubbliche. Siamo impegnati in investimenti che hanno un impatto reale sulla vita delle persone, e garantire una risposta efficace alle emergenze \u00e8 uno di questi. Continueremo a lavorare per fornire i nostri servizi con i migliori mezzi possibili, con trasparenza e responsabilit\u00e0&#8221;.<\/em><\/p>\n<p>Il Comune di Puerto del Rosario continuer\u00e0 a lavorare per ampliare e migliorare le risorse disponibili per la sicurezza e la protezione dei cittadini, con una visione incentrata sulla prevenzione, la professionalizzazione e la cooperazione istituzionale.<\/p>\n<\/div>\n","protected":false},"excerpt":{"rendered":"<p>Il Comune di Puerto del Rosario, attraverso il Dipartimento di Emergenza, ha presentato gioved\u00ec 5 giugno le nuove attrezzature specializzate per gli interventi in situazioni di emergenza e di soccorso [&hellip;]<\/p>\n","protected":false},"author":1,"featured_media":5028,"comment_status":"open","ping_status":"open","sticky":false,"template":"","format":"standard","meta":{"inline_featured_image":false,"jnews-multi-image_gallery":[],"jnews_single_post":[],"jnews_primary_category":[],"jnews_social_meta":[],"jnews_override_counter":[],"jnews_post_split":[],"footnotes":""},"categories":[295],"tags":[349,264],"class_list":["post-5031","post","type-post","status-publish","format-standard","has-post-thumbnail","hentry","category-puerto-del-rosario-it","tag-cooperazione-istituzionale","tag-sicurezza"],"jetpack_featured_media_url":"https:\/\/informacionlocal.es\/wp-content\/uploads\/2025\/06\/bomberos-titu-grupo-060525.jpg","_links":{"self":[{"href":"https:\/\/informacionlocal.es\/it\/wp-json\/wp\/v2\/posts\/5031","targetHints":{"allow":["GET"]}}],"collection":[{"href":"https:\/\/informacionlocal.es\/it\/wp-json\/wp\/v2\/posts"}],"about":[{"href":"https:\/\/informacionlocal.es\/it\/wp-json\/wp\/v2\/types\/post"}],"author":[{"embeddable":true,"href":"https:\/\/informacionlocal.es\/it\/wp-json\/wp\/v2\/users\/1"}],"replies":[{"embeddable":true,"href":"https:\/\/informacionlocal.es\/it\/wp-json\/wp\/v2\/comments?post=5031"}],"version-history":[{"count":0,"href":"https:\/\/informacionlocal.es\/it\/wp-json\/wp\/v2\/posts\/5031\/revisions"}],"wp:featuredmedia":[{"embeddable":true,"href":"https:\/\/informacionlocal.es\/it\/wp-json\/wp\/v2\/media\/5028"}],"wp:attachment":[{"href":"https:\/\/informacionlocal.es\/it\/wp-json\/wp\/v2\/media?parent=5031"}],"wp:term":[{"taxonomy":"category","embeddable":true,"href":"https:\/\/informacionlocal.es\/it\/wp-json\/wp\/v2\/categories?post=5031"},{"taxonomy":"post_tag","embeddable":true,"href":"https:\/\/informacionlocal.es\/it\/wp-json\/wp\/v2\/tags?post=5031"}],"curies":[{"name":"wp","href":"https:\/\/api.w.org\/{rel}","templated":true}]}}