{"id":4996,"date":"2025-06-05T22:25:44","date_gmt":"2025-06-05T22:25:44","guid":{"rendered":"https:\/\/informacionlocal.es\/il-catalogo-per-la-protezione-dei-beni-culturali-e-patrimoniali-di-puerto-del-rosario-e-ora-aperto-al-pubblico\/"},"modified":"2025-06-05T22:25:44","modified_gmt":"2025-06-05T22:25:44","slug":"il-catalogo-per-la-protezione-dei-beni-culturali-e-patrimoniali-di-puerto-del-rosario-e-ora-aperto-al-pubblico","status":"publish","type":"post","link":"https:\/\/informacionlocal.es\/it\/il-catalogo-per-la-protezione-dei-beni-culturali-e-patrimoniali-di-puerto-del-rosario-e-ora-aperto-al-pubblico\/","title":{"rendered":"Il catalogo per la protezione dei beni culturali e patrimoniali di Puerto del Rosario \u00e8 ora aperto al pubblico."},"content":{"rendered":"<div class=\"entry-content\">\n<p>Gioved\u00ec 5 giugno \u00e8 stata pubblicata sulla Gazzetta Ufficiale delle Canarie (BOC) la delibera di approvazione del Catalogo di Protezione Municipale, che segna l&#8217;inizio di un mese di esposizione pubblica per consentire ai cittadini di consultare il documento e presentare le proprie osservazioni.<\/p>\n<p>Il Comune di Puerto del Rosario continua a progredire nel suo impegno per la conservazione del patrimonio culturale del municipio con l&#8217;approvazione iniziale del <strong>Catalogo per la Protezione del Patrimonio e dei Beni Culturali<\/strong>, un documento strategico che permetter\u00e0 di organizzare, proteggere e valorizzare il patrimonio storico, architettonico, etnografico, archeologico, paleontologico e paesaggistico del municipio.<\/p>\n<p>Questo catalogo, redatto da CF Cabrera Febles, Arquitectura Paisaje y Urbanismo, SLP, comprende un totale di <strong>843 immobili che ora avranno un quadro giuridico e tecnico di protezione<\/strong>, un passo trascendentale per garantire la loro conservazione a lungo termine.<\/p>\n<p><em>\u201cCon questo catalogo compiamo un passo fondamentale per garantire la conservazione del patrimonio culturale e naturale del nostro comune. Rafforziamo la nostra identit\u00e0 di citt\u00e0 e facciamo in modo che le generazioni future possano continuare a conoscere e godere dei valori del nostro patrimonio\u201d, ha<\/em> dichiarato il sindaco di Puerto del Rosario, <strong>David de Vera<\/strong>, che ha sottolineato come questo strumento normativo faccia parte di una visione globale di una citt\u00e0 che guarda al futuro senza perdere le proprie radici.<\/p>\n<p>Durante questo periodo, il fascicolo pu\u00f2 essere consultato di persona presso il nuovo <strong>Ufficio Informazioni al Pubblico del Catalogo Comunale di Protezione<\/strong>.<\/p>\n<p><em>Calle Doctor Mena n\u00ba 2, Puerto del Rosario.<br \/>Orari di apertura: dal luned\u00ec al venerd\u00ec, dalle 10:00 alle 14:00 e dalle 17:00 alle 20:00.<br \/>Telefono del servizio clienti (attivo durante gli orari di ufficio): 623 957 810<br \/>Disponibile da luned\u00ec 9 giugno 2025.<\/em><\/p>\n<p><em>Inoltre, il documento completo \u00e8 disponibile per la consultazione online attraverso il portale web: <strong>catalogo.puertodelrosario.org<\/strong><\/em><\/p>\n<p>Per incoraggiare la partecipazione dei cittadini e risolvere direttamente i dubbi, il Comune ha programmato una serie di <strong>incontri informativi<\/strong> aperti ai residenti, che si terranno in diverse zone del territorio comunale:<\/p>\n<ul>\n<li>Luned\u00ec 16 giugno, ore 18:00 &#8211; Biblioteca di Puerto del Rosario.<\/li>\n<li>Marted\u00ec 17 giugno, ore 18:00 &#8211; Centro culturale di Tetir.<\/li>\n<li>Mercoled\u00ec 18 giugno, ore 18:00 &#8211; Casillas del \u00c1ngel.<\/li>\n<li>Gioved\u00ec 19 giugno, ore 18:00 &#8211; Tef\u00eda.<\/li>\n<\/ul>\n<p>L&#8217;assessore al Patrimonio storico, <strong>David de Le\u00f3n<\/strong>, ha sottolineato che <em>&#8220;questo catalogo non solo classifica e protegge i nostri beni, ma stabilisce anche una base tecnica rigorosa che permetter\u00e0 al Comune di agire con maggiore responsabilit\u00e0 e sensibilit\u00e0 nello sviluppo urbano e territoriale&#8221;.<\/em> Ha inoltre invitato alla partecipazione del quartiere: <em>&#8220;si tratta di un processo aperto e partecipativo; invitiamo tutti i cittadini a essere coinvolti, a contribuire e ad aiutarci a preservare ci\u00f2 che ci identifica come comunit\u00e0&#8221;.<\/em><\/p>\n<p>Con l \u201capprovazione iniziale del catalogo, viene <strong>sospesa<\/strong> anche <strong>la concessione di licenze urbanistiche<\/strong> per i lotti o le propriet\u00e0 soggette a tutela per un anno o fino all\u201d approvazione definitiva del documento. L \u201cobiettivo di questa misura \u00e8 quello di evitare modifiche che potrebbero compromettere il valore dell\u201d immobile durante il completamento del processo di tutela. <\/p>\n<p>Tuttavia, i progetti adattati al regime in vigore al momento della domanda possono essere elaborati e le licenze possono essere concesse a condizione che tale regime non sia stato modificato dalle determinazioni proposte dallo strumento di pianificazione in corso di elaborazione o che, essendo state modificate, le determinazioni inizialmente approvate siano meno restrittive o limitanti di quelle della pianificazione in vigore.<\/p>\n<\/div>\n","protected":false},"excerpt":{"rendered":"<p>Gioved\u00ec 5 giugno \u00e8 stata pubblicata sulla Gazzetta Ufficiale delle Canarie (BOC) la delibera di approvazione del Catalogo di Protezione Municipale, che segna l&#8217;inizio di un mese di esposizione pubblica [&hellip;]<\/p>\n","protected":false},"author":1,"featured_media":4992,"comment_status":"open","ping_status":"open","sticky":false,"template":"","format":"standard","meta":{"inline_featured_image":false,"jnews-multi-image_gallery":[],"jnews_single_post":[],"jnews_primary_category":[],"jnews_social_meta":[],"jnews_override_counter":[],"jnews_post_split":[],"footnotes":""},"categories":[295],"tags":[],"class_list":["post-4996","post","type-post","status-publish","format-standard","has-post-thumbnail","hentry","category-puerto-del-rosario-it"],"jetpack_featured_media_url":"https:\/\/informacionlocal.es\/wp-content\/uploads\/2025\/06\/catalogo-22-oficina-exterior.jpg","_links":{"self":[{"href":"https:\/\/informacionlocal.es\/it\/wp-json\/wp\/v2\/posts\/4996","targetHints":{"allow":["GET"]}}],"collection":[{"href":"https:\/\/informacionlocal.es\/it\/wp-json\/wp\/v2\/posts"}],"about":[{"href":"https:\/\/informacionlocal.es\/it\/wp-json\/wp\/v2\/types\/post"}],"author":[{"embeddable":true,"href":"https:\/\/informacionlocal.es\/it\/wp-json\/wp\/v2\/users\/1"}],"replies":[{"embeddable":true,"href":"https:\/\/informacionlocal.es\/it\/wp-json\/wp\/v2\/comments?post=4996"}],"version-history":[{"count":0,"href":"https:\/\/informacionlocal.es\/it\/wp-json\/wp\/v2\/posts\/4996\/revisions"}],"wp:featuredmedia":[{"embeddable":true,"href":"https:\/\/informacionlocal.es\/it\/wp-json\/wp\/v2\/media\/4992"}],"wp:attachment":[{"href":"https:\/\/informacionlocal.es\/it\/wp-json\/wp\/v2\/media?parent=4996"}],"wp:term":[{"taxonomy":"category","embeddable":true,"href":"https:\/\/informacionlocal.es\/it\/wp-json\/wp\/v2\/categories?post=4996"},{"taxonomy":"post_tag","embeddable":true,"href":"https:\/\/informacionlocal.es\/it\/wp-json\/wp\/v2\/tags?post=4996"}],"curies":[{"name":"wp","href":"https:\/\/api.w.org\/{rel}","templated":true}]}}