{"id":4984,"date":"2025-06-05T14:33:22","date_gmt":"2025-06-05T14:33:22","guid":{"rendered":"https:\/\/informacionlocal.es\/jacinto-el-pescador-sara-il-banditore-delle-feste-di-pozo-negro-2025\/"},"modified":"2025-06-05T14:33:22","modified_gmt":"2025-06-05T14:33:22","slug":"jacinto-el-pescador-sara-il-banditore-delle-feste-di-pozo-negro-2025","status":"publish","type":"post","link":"https:\/\/informacionlocal.es\/it\/jacinto-el-pescador-sara-il-banditore-delle-feste-di-pozo-negro-2025\/","title":{"rendered":"Jacinto el Pescador sar\u00e0 il banditore delle Feste di Pozo Negro 2025."},"content":{"rendered":"<div class=\"elementor-widget-container\">\n<p><strong>Jacinto el Pescador sar\u00e0 il banditore delle Feste di Pozo Negro 2025.<\/strong><\/p>\n<p><strong>&#8211; Nato a Pozo Negro, il marinaio D. Jacinto P\u00e9rez P\u00e9rez sar\u00e0 il Pregonero delle Feste in onore di San Juan 2025.<\/strong><\/p>\n<p>Il sindaco di Antigua, Mat\u00edas Pe\u00f1a Garc\u00eda, e l&#8217;assessore alle feste, Pedro M. Armas Mart\u00edn, hanno sorpreso il signor Jacinto P\u00e9rez P\u00e9rez P\u00e9rez questo gioved\u00ec mattina a casa sua per proporgli formalmente di essere il banditore delle feste di Pozo Negro, il villaggio dove \u00e8 nato e dove \u00e8 cresciuto e ha creato una famiglia, essendo un marinaio e un pescatore.<\/p>\n<p>Essendo al lavoro sulla ricostruzione di una nave, era nervoso ed eccitato dall \u201cincarico, accettando il compito e pensando a tutti i dettagli che avrebbero dovuto essere organizzati, dice l\u201d assessore alle Feste, Pedro Armas.<\/p>\n<p>I banditori delle feste di ogni villaggio dovrebbero essere del villaggio stesso e coloro che hanno pi\u00f9 storie da raccontare, sia per et\u00e0 che per vita, e Jacinto, secondo il sindaco Mat\u00edas Pe\u00f1a, ha molti aneddoti da raccontare su come era ed \u00e8 questo villaggio di Pozo Negro, essendo la spiaggia familiare del comune, il primo porto naturale dell \u201cisola e l\u201d entrata e l \u201cuscita dei pescatori dell\u201d epoca, quelli di tutta la vita che lui conosceva bene.<\/p>\n<p>Le Fiestas de Pozo Negro in onore di San Juan, organizzate dall&#8217;Assessorato alle Feste del Municipio di Antigua, hanno gi\u00e0 un manifesto e un intenso programma per godersi il fine settimana dal 19 al 23 giugno.<\/p>\n<p>Si inizia gioved\u00ec alle 20:00 con il discorso di apertura di D. Jacinto P\u00e9rez, celebrato con la tradizionale sardinada per tutti i partecipanti, mentre venerd\u00ec saranno protagoniste le esibizioni musicali di D\u00fao Fantas\u00eda, Mejor con Copas e l&#8217;Orquesta Estrella Latina.<\/p>\n<p>Durante il fine settimana non mancheranno musica e feste per bambini, con uno spettacolo pirotecnico il sabato sera, la domenica a mezzogiorno, la messa e la processione con l&#8217;immagine di San Juan presente e, naturalmente, per chiudere le Feste, la notte di luned\u00ec 23, il grande fal\u00f2 di San Juan, preceduto quest&#8217;anno dal rituale dell&#8217;energia positiva guidato dallo Sciamano delle Canarie.<\/p>\n<\/p>\n<\/div>\n","protected":false},"excerpt":{"rendered":"<p><strong>Jacinto el Pescador sar\u00e0 il banditore delle Feste di Pozo Negro 2025.<\/strong><\/p>\n","protected":false},"author":1,"featured_media":4980,"comment_status":"open","ping_status":"open","sticky":false,"template":"","format":"standard","meta":{"inline_featured_image":false,"jnews-multi-image_gallery":[],"jnews_single_post":[],"jnews_primary_category":[],"jnews_social_meta":[],"jnews_override_counter":[],"jnews_post_split":[],"footnotes":""},"categories":[282],"tags":[],"class_list":["post-4984","post","type-post","status-publish","format-standard","has-post-thumbnail","hentry","category-antigua-it"],"jetpack_featured_media_url":"https:\/\/informacionlocal.es\/wp-content\/uploads\/2025\/06\/fiestas-pozo-negro-2025.jpg","_links":{"self":[{"href":"https:\/\/informacionlocal.es\/it\/wp-json\/wp\/v2\/posts\/4984","targetHints":{"allow":["GET"]}}],"collection":[{"href":"https:\/\/informacionlocal.es\/it\/wp-json\/wp\/v2\/posts"}],"about":[{"href":"https:\/\/informacionlocal.es\/it\/wp-json\/wp\/v2\/types\/post"}],"author":[{"embeddable":true,"href":"https:\/\/informacionlocal.es\/it\/wp-json\/wp\/v2\/users\/1"}],"replies":[{"embeddable":true,"href":"https:\/\/informacionlocal.es\/it\/wp-json\/wp\/v2\/comments?post=4984"}],"version-history":[{"count":0,"href":"https:\/\/informacionlocal.es\/it\/wp-json\/wp\/v2\/posts\/4984\/revisions"}],"wp:featuredmedia":[{"embeddable":true,"href":"https:\/\/informacionlocal.es\/it\/wp-json\/wp\/v2\/media\/4980"}],"wp:attachment":[{"href":"https:\/\/informacionlocal.es\/it\/wp-json\/wp\/v2\/media?parent=4984"}],"wp:term":[{"taxonomy":"category","embeddable":true,"href":"https:\/\/informacionlocal.es\/it\/wp-json\/wp\/v2\/categories?post=4984"},{"taxonomy":"post_tag","embeddable":true,"href":"https:\/\/informacionlocal.es\/it\/wp-json\/wp\/v2\/tags?post=4984"}],"curies":[{"name":"wp","href":"https:\/\/api.w.org\/{rel}","templated":true}]}}