{"id":4959,"date":"2025-06-05T12:24:25","date_gmt":"2025-06-05T12:24:25","guid":{"rendered":"https:\/\/informacionlocal.es\/il-comune-di-pajara-presenta-le-feste-in-onore-di-san-giovanni-2025-a-cofete\/"},"modified":"2025-06-05T12:24:25","modified_gmt":"2025-06-05T12:24:25","slug":"il-comune-di-pajara-presenta-le-feste-in-onore-di-san-giovanni-2025-a-cofete","status":"publish","type":"post","link":"https:\/\/informacionlocal.es\/it\/il-comune-di-pajara-presenta-le-feste-in-onore-di-san-giovanni-2025-a-cofete\/","title":{"rendered":"Il Comune di P\u00e1jara presenta le Feste in onore di San Giovanni 2025 a Cofete"},"content":{"rendered":"<div class=\"entry-content\">\n<p><b><i>Il programma prevede un fine settimana ricco di tradizioni, musica e attivit\u00e0 popolari dal 13 al 15 giugno.  <\/i><\/b><\/p>\n<p><span>Il Municipio di P\u00e1jara presenta le Feste in onore di San Juan 2025, che si terranno a Cofete dal 13 al 15 giugno, con un programma ricco di attivit\u00e0 tradizionali, musica, umorismo e cultura popolare rivolto a tutti i pubblici.  <\/span><\/p>\n<p><span>Le celebrazioni inizieranno venerd\u00ec 13 giugno alle ore 10:00 con l&#8217;apertura della sala espositiva. Lo stesso giorno, alle 21:30, il discorso di apertura sar\u00e0 tenuto da Juana Viera Saavedra e Francisco P\u00e9rez Saavedra. Poi, alle 22:00, la musica sar\u00e0 protagonista con il VII Encuentro de Solistas Narciso Rodr\u00edguez, accompagnato dalla parranda Amigos Parranderos de Tenerife e da una straordinaria formazione di artisti.    <\/span><\/p>\n<p><span>L&#8217;assessore alle Feste, Juan Jos\u00e9 Viera, afferma che &#8220;queste feste sono espressione delle nostre tradizioni&#8221;. Sottolinea inoltre l&#8217;impegno del Comune nella promozione della cultura popolare. &#8220;Abbiamo lavorato per offrire un programma vario, pensato per tutti i tipi di pubblico e radicato nell&#8217;identit\u00e0 di Cofete. Invitiamo il pubblico a partecipare e a godersi i festeggiamenti in un contesto unico&#8221;.    <\/span><\/p>\n<p><span>L &#8220;assessore ha anche ringraziato il comitato della festa per \u2018l\u2019 impegno, la dedizione e lo sforzo profuso nel rendere possibile la celebrazione di queste feste, cos\u00ec significative per il nostro Comune&#8221;.  <\/span><\/p>\n<p><span>Per tutto il fine settimana \u00e8 previsto un programma vario che comprende giochi popolari, merende, un torneo di palla canaria, una gara di podenco, il tiro al piattello, balli all&#8217;aperto e un pellegrinaggio, tra le altre attivit\u00e0.<\/span><\/p>\n<p><span>La notte di sabato 14 alle 24:00 sar\u00e0 caratterizzata dal tradizionale fal\u00f2 di San Juan e dallo spettacolo pirotecnico in onore del santo patrono.<\/span><\/p>\n<p><span>Domenica 15, alle 13:30, si terr\u00e0 la messa e la successiva processione in onore di San Juan, accompagnata dalla Banda Municipale, chiudendo cos\u00ec un fine settimana ricco di tradizione e partecipazione del quartiere.  <\/span><\/p>\n<p><span>Il Municipio di P\u00e1jara invita i residenti e i visitatori a partecipare attivamente a questi festeggiamenti, che ogni anno riaffermano l \u201cimpegno nei confronti dei costumi e dell\u201d identit\u00e0 del nostro comune.<\/span><\/p>\n<p><img fetchpriority=\"high\" decoding=\"async\" class=\"alignnone size-medium wp-image-20455\" src=\"https:\/\/informacionlocal.es\/wp-content\/uploads\/2025\/06\/programa-cofete-2025-213x300-1.jpg\" width=\"213\" height=\"300\" title=\"programa-cofete-2025-213x300-1\"><\/p>\n<\/div>\n","protected":false},"excerpt":{"rendered":"<p><i>Il programma prevede un fine settimana ricco di tradizioni, musica e attivit\u00e0 popolari dal 13 al 15 giugno.  <\/i><\/p>\n","protected":false},"author":1,"featured_media":4952,"comment_status":"open","ping_status":"open","sticky":false,"template":"","format":"standard","meta":{"inline_featured_image":false,"jnews-multi-image_gallery":[],"jnews_single_post":[],"jnews_primary_category":[],"jnews_social_meta":[],"jnews_override_counter":[],"jnews_post_split":[],"footnotes":""},"categories":[298],"tags":[],"class_list":["post-4959","post","type-post","status-publish","format-standard","has-post-thumbnail","hentry","category-pajara-it"],"jetpack_featured_media_url":"https:\/\/informacionlocal.es\/wp-content\/uploads\/2025\/06\/programa-cofete-2025.jpg","_links":{"self":[{"href":"https:\/\/informacionlocal.es\/it\/wp-json\/wp\/v2\/posts\/4959","targetHints":{"allow":["GET"]}}],"collection":[{"href":"https:\/\/informacionlocal.es\/it\/wp-json\/wp\/v2\/posts"}],"about":[{"href":"https:\/\/informacionlocal.es\/it\/wp-json\/wp\/v2\/types\/post"}],"author":[{"embeddable":true,"href":"https:\/\/informacionlocal.es\/it\/wp-json\/wp\/v2\/users\/1"}],"replies":[{"embeddable":true,"href":"https:\/\/informacionlocal.es\/it\/wp-json\/wp\/v2\/comments?post=4959"}],"version-history":[{"count":0,"href":"https:\/\/informacionlocal.es\/it\/wp-json\/wp\/v2\/posts\/4959\/revisions"}],"wp:featuredmedia":[{"embeddable":true,"href":"https:\/\/informacionlocal.es\/it\/wp-json\/wp\/v2\/media\/4952"}],"wp:attachment":[{"href":"https:\/\/informacionlocal.es\/it\/wp-json\/wp\/v2\/media?parent=4959"}],"wp:term":[{"taxonomy":"category","embeddable":true,"href":"https:\/\/informacionlocal.es\/it\/wp-json\/wp\/v2\/categories?post=4959"},{"taxonomy":"post_tag","embeddable":true,"href":"https:\/\/informacionlocal.es\/it\/wp-json\/wp\/v2\/tags?post=4959"}],"curies":[{"name":"wp","href":"https:\/\/api.w.org\/{rel}","templated":true}]}}