{"id":4931,"date":"2025-06-05T07:55:25","date_gmt":"2025-06-05T07:55:25","guid":{"rendered":"https:\/\/informacionlocal.es\/el-cohombrillo-ospitera-il-campo-estivo-inclusivo-per-i-bambini-del-comune\/"},"modified":"2025-06-05T07:55:25","modified_gmt":"2025-06-05T07:55:25","slug":"el-cohombrillo-ospitera-il-campo-estivo-inclusivo-per-i-bambini-del-comune","status":"publish","type":"post","link":"https:\/\/informacionlocal.es\/it\/el-cohombrillo-ospitera-il-campo-estivo-inclusivo-per-i-bambini-del-comune\/","title":{"rendered":"El Cohombrillo ospiter\u00e0 il campo estivo inclusivo per i bambini del comune."},"content":{"rendered":"<p>Il Comune di La Oliva, attraverso l \u201carea di prevenzione del Dipartimento dei Servizi Sociali, diretto da Joana P\u00e9rez Carre\u00f1o, organizza un campo estivo inclusivo. L\u201d incontro sar\u00e0 gratuito con pernottamento, rivolto ai bambini di et\u00e0 compresa tra i 6 e i 12 anni residenti nel comune. L \u201cattivit\u00e0 si svolger\u00e0 dal 30 giugno al 4 luglio presso l\u201d ostello comunale El Cohombrillo, situato in un ambiente naturale che favorisce la convivenza, il gioco e l \u201capprendimento nell\u201d uguaglianza.    <\/p>\n<p>Questa iniziativa comunale \u00e8 nata con l&#8217;obiettivo di promuovere l&#8217;inclusione sociale, le pari opportunit\u00e0 e il benessere emotivo dei bambini, offrendo uno spazio educativo e ricreativo in cui vengono promossi valori come il rispetto, la diversit\u00e0, la cooperazione e l&#8217;equit\u00e0.<\/p>\n<p>Durante i cinque giorni del campo, i partecipanti potranno godere di un programma ricco di attivit\u00e0: laboratori creativi, giochi cooperativi, dinamiche di gruppo ed escursioni, tra le altre cose. Va inoltre sottolineato che le giornate saranno coordinate da un team di professionisti con una prospettiva di genere e un&#8217;attenzione alla diversit\u00e0.   <\/p>\n<p>Il campo comprende l \u201calloggio, i pasti e tutte le attivit\u00e0 completamente gratuite. Il numero di posti \u00e8 limitato e sar\u00e0 assegnato in base all\u201d ordine di arrivo. <\/p>\n<p>Le iscrizioni saranno aperte da luned\u00ec 9 giugno alle ore 9:00 e dovranno essere formalizzate scansionando il QR sulla locandina o tramite il seguente link:  <\/p>\n<p>https:\/\/docs.google.com\/forms\/d\/e\/1FAIpQLSfRP8WBbgYNiu7AZk_DTaI6ifT_nh_ByKy7W_catnGTtthGnw\/closedform<\/p>\n","protected":false},"excerpt":{"rendered":"<p><span>Il Concistoro apre le iscrizioni luned\u00ec 9 giugno alle ore 9:00 affinch\u00e9 i bambini tra i 6 e i 12 anni residenti a La Oliva possano godere dell&#8217;attivit\u00e0 che si svolger\u00e0 gratuitamente dal 30 giugno al 4 luglio.<\/span><\/p>\n","protected":false},"author":1,"featured_media":4928,"comment_status":"open","ping_status":"open","sticky":false,"template":"","format":"standard","meta":{"inline_featured_image":false,"jnews-multi-image_gallery":[],"jnews_single_post":[],"jnews_primary_category":[],"jnews_social_meta":[],"jnews_override_counter":[],"jnews_post_split":[],"footnotes":""},"categories":[292],"tags":[],"class_list":["post-4931","post","type-post","status-publish","format-standard","has-post-thumbnail","hentry","category-la-oliva-it"],"jetpack_featured_media_url":"https:\/\/informacionlocal.es\/wp-content\/uploads\/2025\/06\/5208_4f6cba35.png","_links":{"self":[{"href":"https:\/\/informacionlocal.es\/it\/wp-json\/wp\/v2\/posts\/4931","targetHints":{"allow":["GET"]}}],"collection":[{"href":"https:\/\/informacionlocal.es\/it\/wp-json\/wp\/v2\/posts"}],"about":[{"href":"https:\/\/informacionlocal.es\/it\/wp-json\/wp\/v2\/types\/post"}],"author":[{"embeddable":true,"href":"https:\/\/informacionlocal.es\/it\/wp-json\/wp\/v2\/users\/1"}],"replies":[{"embeddable":true,"href":"https:\/\/informacionlocal.es\/it\/wp-json\/wp\/v2\/comments?post=4931"}],"version-history":[{"count":0,"href":"https:\/\/informacionlocal.es\/it\/wp-json\/wp\/v2\/posts\/4931\/revisions"}],"wp:featuredmedia":[{"embeddable":true,"href":"https:\/\/informacionlocal.es\/it\/wp-json\/wp\/v2\/media\/4928"}],"wp:attachment":[{"href":"https:\/\/informacionlocal.es\/it\/wp-json\/wp\/v2\/media?parent=4931"}],"wp:term":[{"taxonomy":"category","embeddable":true,"href":"https:\/\/informacionlocal.es\/it\/wp-json\/wp\/v2\/categories?post=4931"},{"taxonomy":"post_tag","embeddable":true,"href":"https:\/\/informacionlocal.es\/it\/wp-json\/wp\/v2\/tags?post=4931"}],"curies":[{"name":"wp","href":"https:\/\/api.w.org\/{rel}","templated":true}]}}