{"id":4905,"date":"2025-06-04T16:46:17","date_gmt":"2025-06-04T16:46:17","guid":{"rendered":"https:\/\/informacionlocal.es\/venerdi-13-giugno-puerto-del-rosario-ospita-la-conferenza-sulla-tecnificazione-economica-listruzione-e-il-mercato-del-lavoro\/"},"modified":"2025-06-04T16:46:17","modified_gmt":"2025-06-04T16:46:17","slug":"venerdi-13-giugno-puerto-del-rosario-ospita-la-conferenza-sulla-tecnificazione-economica-listruzione-e-il-mercato-del-lavoro","status":"publish","type":"post","link":"https:\/\/informacionlocal.es\/it\/venerdi-13-giugno-puerto-del-rosario-ospita-la-conferenza-sulla-tecnificazione-economica-listruzione-e-il-mercato-del-lavoro\/","title":{"rendered":"Venerd\u00ec 13 giugno, Puerto del Rosario ospita la Conferenza sulla tecnificazione economica, l&#8217;istruzione e il mercato del lavoro."},"content":{"rendered":"<div class=\"entry-content\">\n<p>L&#8217;Assessorato alla Promozione Economica del Comune di Puerto del Rosario organizza venerd\u00ec 13 giugno, dalle 9:30 alle 14:30, la Giornata della Tecnificazione Economica, dell&#8217;Educazione e del Mercato del Lavoro, un evento che si svolger\u00e0 nella Plaza de la Paz e che riunir\u00e0 esperti del settore educativo, imprenditoriale e istituzionale con l&#8217;obiettivo di analizzare e discutere le sfide e le opportunit\u00e0 del mercato del lavoro attuale e futuro.<\/p>\n<p>Durante la giornata si terranno varie presentazioni e tavole rotonde con la partecipazione di rappresentanti dell&#8217;UNED, della Camera di Commercio di Fuerteventura, del Gruppo NFORMAR delle Isole Canarie, nonch\u00e9 di altre istituzioni e specialisti in materia di istruzione, occupazione e nuove tecnologie.<\/p>\n<p>Tra i temi che verranno affrontati vi sono:<\/p>\n<p>Opportunit\u00e0 di lavoro emergenti e attuali esigenze del mercato del lavoro.<\/p>\n<ul>\n<li>L&#8217;eccellenza educativa come fattore di sviluppo economico.<\/li>\n<li>L&#8217;intelligenza artificiale e la sua applicazione nelle imprese e nelle PMI.<\/li>\n<li>Le prospettive occupazionali sull&#8217;isola di Fuerteventura come sfida per il futuro.<\/li>\n<li>L \u201cevento comprender\u00e0 anche un\u201d area dinamica, con la partecipazione di aziende di intermediazione del lavoro e di professionisti di diversi settori economici, nonch\u00e9 di studenti di vari centri di formazione dell \u201cisola. Quest\u201d area comprender\u00e0 attivit\u00e0 interattive e una performance musicale di Mar\u00eda Cambeiro, una giovane artista di Maiorca rinomata per le sue versioni emotive al pianoforte e alla voce. Nell \u201cambito del programma, verr\u00e0 proiettato un documentario sull\u201d intelligenza artificiale, seguito da un dibattito aperto sulle sue implicazioni per l \u201coccupazione, riflettendo se rappresenti un\u201d opportunit\u00e0 o un rischio nel contesto attuale.  <\/li>\n<\/ul>\n<p>Il <strong>sindaco, David de Vera, ha<\/strong> dichiarato che &#8220;con questo tipo di iniziativa si vuole migliorare la formazione professionale, l \u2018eccellenza economica e l\u2019 aggiornamento delle risorse economiche, educative e occupazionali di Puerto del Rosario&#8221;.<\/p>\n<p>L&#8217;<strong>assessore alla Promozione economica, Juan Manuel Verdugo, ha<\/strong> dichiarato che &#8220;l&#8217;obiettivo \u00e8 promuovere iniziative e progetti per migliorare l&#8217;occupabilit\u00e0 dei nostri vicini, migliorando le competenze dei lavoratori autonomi e delle PMI applicate al tessuto produttivo del Comune&#8221;.<\/p>\n<p>Il Comune di Puerto del Rosario, attraverso il Dipartimento di Promozione Economica, invita i cittadini a partecipare a questa giornata, che vuole essere uno spazio di incontro, riflessione e generazione di proposte per una migliore connessione tra formazione, occupazione e innovazione sull&#8217;isola.<\/p>\n<\/div>\n","protected":false},"excerpt":{"rendered":"<p>L&#8217;Assessorato alla Promozione Economica del Comune di Puerto del Rosario organizza venerd\u00ec 13 giugno, dalle 9:30 alle 14:30, la Giornata della Tecnificazione Economica, dell&#8217;Educazione e del Mercato del Lavoro, un [&hellip;]<\/p>\n","protected":false},"author":1,"featured_media":4903,"comment_status":"open","ping_status":"open","sticky":false,"template":"","format":"standard","meta":{"inline_featured_image":false,"jnews-multi-image_gallery":[],"jnews_single_post":[],"jnews_primary_category":[],"jnews_social_meta":[],"jnews_override_counter":[],"jnews_post_split":[],"footnotes":""},"categories":[295],"tags":[309,223],"class_list":["post-4905","post","type-post","status-publish","format-standard","has-post-thumbnail","hentry","category-puerto-del-rosario-it","tag-educacion-it","tag-fuerteventura-it"],"jetpack_featured_media_url":"https:\/\/informacionlocal.es\/wp-content\/uploads\/2025\/06\/mercado-titu-laboral.jpg","_links":{"self":[{"href":"https:\/\/informacionlocal.es\/it\/wp-json\/wp\/v2\/posts\/4905","targetHints":{"allow":["GET"]}}],"collection":[{"href":"https:\/\/informacionlocal.es\/it\/wp-json\/wp\/v2\/posts"}],"about":[{"href":"https:\/\/informacionlocal.es\/it\/wp-json\/wp\/v2\/types\/post"}],"author":[{"embeddable":true,"href":"https:\/\/informacionlocal.es\/it\/wp-json\/wp\/v2\/users\/1"}],"replies":[{"embeddable":true,"href":"https:\/\/informacionlocal.es\/it\/wp-json\/wp\/v2\/comments?post=4905"}],"version-history":[{"count":0,"href":"https:\/\/informacionlocal.es\/it\/wp-json\/wp\/v2\/posts\/4905\/revisions"}],"wp:featuredmedia":[{"embeddable":true,"href":"https:\/\/informacionlocal.es\/it\/wp-json\/wp\/v2\/media\/4903"}],"wp:attachment":[{"href":"https:\/\/informacionlocal.es\/it\/wp-json\/wp\/v2\/media?parent=4905"}],"wp:term":[{"taxonomy":"category","embeddable":true,"href":"https:\/\/informacionlocal.es\/it\/wp-json\/wp\/v2\/categories?post=4905"},{"taxonomy":"post_tag","embeddable":true,"href":"https:\/\/informacionlocal.es\/it\/wp-json\/wp\/v2\/tags?post=4905"}],"curies":[{"name":"wp","href":"https:\/\/api.w.org\/{rel}","templated":true}]}}