{"id":4882,"date":"2025-06-04T16:25:41","date_gmt":"2025-06-04T16:25:41","guid":{"rendered":"https:\/\/informacionlocal.es\/pajara-ospitera-la-prossima-riunione-del-comitato-esecutivo-della-federazione-dei-comuni-delle-canarie\/"},"modified":"2025-06-04T16:25:41","modified_gmt":"2025-06-04T16:25:41","slug":"pajara-ospitera-la-prossima-riunione-del-comitato-esecutivo-della-federazione-dei-comuni-delle-canarie","status":"publish","type":"post","link":"https:\/\/informacionlocal.es\/it\/pajara-ospitera-la-prossima-riunione-del-comitato-esecutivo-della-federazione-dei-comuni-delle-canarie\/","title":{"rendered":"P\u00e1jara ospiter\u00e0 la prossima riunione del Comitato esecutivo della Federazione dei Comuni delle Canarie."},"content":{"rendered":"<div class=\"entry-content\">\n<p><b><i>La corporazione municipale ricever\u00e0 i sindaci e le sindache in rappresentanza degli 88 comuni delle Isole Canarie.  <\/i><\/b><\/p>\n<p><b><i>L \u201cincontro si terr\u00e0 venerd\u00ec 6 giugno, alle ore 11:00, presso l\u201d Hotel Allsun Esquinzo.<\/i><\/b><\/p>\n<p><span>Venerd\u00ec 6 giugno, P\u00e1jara ospiter\u00e0 la riunione del Comitato esecutivo della Federazione dei Comuni delle Canarie (FECAM). La riunione si terr\u00e0 alle ore 11:00 presso l&#8217;Hotel Allsun Esquinzo. <\/span><\/p>\n<p><span>La corporazione municipale di P\u00e1jara ricever\u00e0 i diversi sindaci e sindache che compongono il Fecam in visita istituzionale questo gioved\u00ec nella citt\u00e0 di P\u00e1jara e successivamente ci sar\u00e0 una visita culturale in vari punti del comune.<\/span><\/p>\n<p><span>Venerd\u00ec il Comitato esecutivo del Fecam affronter\u00e0 le questioni relative al municipalismo che interessano gli 88 comuni delle Isole Canarie. Il sindaco di P\u00e1jara, Alejandro Jorge, fa parte di questo organismo come presidente della Commissione e dell&#8217;Occupazione. <\/span><\/p>\n<p><span>Le persone e i media interessati a coprire questo evento devono contattare l&#8217;Ufficio Stampa al numero 686 704 895.<\/span><\/p>\n<\/div>\n","protected":false},"excerpt":{"rendered":"<p><i>La corporazione municipale ricever\u00e0 i sindaci e le sindache in rappresentanza degli 88 comuni delle Isole Canarie.  <\/i><\/p>\n","protected":false},"author":1,"featured_media":4879,"comment_status":"open","ping_status":"open","sticky":false,"template":"","format":"standard","meta":{"inline_featured_image":false,"jnews-multi-image_gallery":[],"jnews_single_post":[],"jnews_primary_category":[],"jnews_social_meta":[],"jnews_override_counter":[],"jnews_post_split":[],"footnotes":""},"categories":[298],"tags":[202],"class_list":["post-4882","post","type-post","status-publish","format-standard","has-post-thumbnail","hentry","category-pajara-it","tag-comuni"],"jetpack_featured_media_url":"https:\/\/informacionlocal.es\/wp-content\/uploads\/2025\/06\/comite-del-ejecutivo-de-la-fecam.jpg","_links":{"self":[{"href":"https:\/\/informacionlocal.es\/it\/wp-json\/wp\/v2\/posts\/4882","targetHints":{"allow":["GET"]}}],"collection":[{"href":"https:\/\/informacionlocal.es\/it\/wp-json\/wp\/v2\/posts"}],"about":[{"href":"https:\/\/informacionlocal.es\/it\/wp-json\/wp\/v2\/types\/post"}],"author":[{"embeddable":true,"href":"https:\/\/informacionlocal.es\/it\/wp-json\/wp\/v2\/users\/1"}],"replies":[{"embeddable":true,"href":"https:\/\/informacionlocal.es\/it\/wp-json\/wp\/v2\/comments?post=4882"}],"version-history":[{"count":0,"href":"https:\/\/informacionlocal.es\/it\/wp-json\/wp\/v2\/posts\/4882\/revisions"}],"wp:featuredmedia":[{"embeddable":true,"href":"https:\/\/informacionlocal.es\/it\/wp-json\/wp\/v2\/media\/4879"}],"wp:attachment":[{"href":"https:\/\/informacionlocal.es\/it\/wp-json\/wp\/v2\/media?parent=4882"}],"wp:term":[{"taxonomy":"category","embeddable":true,"href":"https:\/\/informacionlocal.es\/it\/wp-json\/wp\/v2\/categories?post=4882"},{"taxonomy":"post_tag","embeddable":true,"href":"https:\/\/informacionlocal.es\/it\/wp-json\/wp\/v2\/tags?post=4882"}],"curies":[{"name":"wp","href":"https:\/\/api.w.org\/{rel}","templated":true}]}}