{"id":4872,"date":"2025-06-04T12:41:00","date_gmt":"2025-06-04T12:41:00","guid":{"rendered":"https:\/\/informacionlocal.es\/la-oliva-promuove-il-programma-sii-creativo-e-intraprendente\/"},"modified":"2025-06-04T12:41:00","modified_gmt":"2025-06-04T12:41:00","slug":"la-oliva-promuove-il-programma-sii-creativo-e-intraprendente","status":"publish","type":"post","link":"https:\/\/informacionlocal.es\/it\/la-oliva-promuove-il-programma-sii-creativo-e-intraprendente\/","title":{"rendered":"La Oliva promuove il programma \u201cSii creativo e intraprendente\u201d."},"content":{"rendered":"<p>Il Comune di La Oliva, attraverso il Dipartimento di Sviluppo Locale, diretto da Alexandra Mart\u00edn, lancia il programma &#8220;Sii creativo e intraprendente&#8221;. L&#8217;iniziativa mira a promuovere l&#8217;imprenditorialit\u00e0 e a facilitare l&#8217;accesso al lavoro dei giovani che stanno per terminare gli studi. In questo senso, vengono incoraggiati la creativit\u00e0, il lavoro di squadra, la perseveranza e la responsabilit\u00e0 sociale, tra gli altri valori essenziali per questo processo.  <\/p>\n<p>Inoltre, vengono illustrate le possibilit\u00e0 offerte dalla piattaforma di ricerca del lavoro per trovare un impiego, viene messo a disposizione dei giovani il servizio di creazione di CV e viene spiegato il PRODAE (Promozione dello sviluppo dell&#8217;attivit\u00e0 economica) per gli studenti che preferiscono il lavoro autonomo.  <\/p>\n<p>Il programma \u00e8 stato presentato a maggio in diversi centri educativi, tra cui l \u201cIES Corralejo e l\u201d IES La Oliva, dove hanno partecipato studenti di diversi livelli e cicli di formazione. Le risorse del programma sono state offerte anche al PFAE di giardinaggio presso la Stazione Biologica. <\/p>\n<p>Il sindaco di La Oliva, Isa\u00ed Blanco, afferma: &#8220;Mettere a disposizione dei nostri giovani risorse legate all&#8217;accesso al mondo del lavoro, alle diverse possibilit\u00e0 di impiego disponibili in base a ci\u00f2 che desiderano e di cui hanno bisogno \u00e8 senza dubbio un approccio arricchente per gli studenti del comune&#8221;.  <\/p>\n<p>Da parte sua, l &#8220;assessore allo Sviluppo locale, Alexandra Mart\u00edn, sottolinea l&#8221; importanza dell &#8220;iniziativa: \u2018La conoscenza del funzionamento delle risorse dell\u2019 area di Sviluppo locale deve iniziare fin dalla fase educativa. Questo \u00e8 il modo migliore per far s\u00ec che i futuri lavoratori possano sfruttare le opportunit\u00e0 occupazionali e imprenditoriali che il Comune offre loro&#8221;.<\/p>\n<p>Il Concistoro rafforza cos\u00ec il suo impegno per lo sviluppo socio-economico del comune, promuovendo una giovent\u00f9 attiva, intraprendente e preparata.<\/p>\n","protected":false},"excerpt":{"rendered":"<p><span>Un&#8217;iniziativa che mira a promuovere l&#8217;imprenditorialit\u00e0 e a facilitare l&#8217;accesso al lavoro per i giovani del comune.<\/span><\/p>\n","protected":false},"author":1,"featured_media":4867,"comment_status":"open","ping_status":"open","sticky":false,"template":"","format":"standard","meta":{"inline_featured_image":false,"jnews-multi-image_gallery":[],"jnews_single_post":[],"jnews_primary_category":[],"jnews_social_meta":[],"jnews_override_counter":[],"jnews_post_split":[],"footnotes":""},"categories":[292],"tags":[],"class_list":["post-4872","post","type-post","status-publish","format-standard","has-post-thumbnail","hentry","category-la-oliva-it"],"jetpack_featured_media_url":"https:\/\/informacionlocal.es\/wp-content\/uploads\/2025\/06\/5207_5097be66.png","_links":{"self":[{"href":"https:\/\/informacionlocal.es\/it\/wp-json\/wp\/v2\/posts\/4872","targetHints":{"allow":["GET"]}}],"collection":[{"href":"https:\/\/informacionlocal.es\/it\/wp-json\/wp\/v2\/posts"}],"about":[{"href":"https:\/\/informacionlocal.es\/it\/wp-json\/wp\/v2\/types\/post"}],"author":[{"embeddable":true,"href":"https:\/\/informacionlocal.es\/it\/wp-json\/wp\/v2\/users\/1"}],"replies":[{"embeddable":true,"href":"https:\/\/informacionlocal.es\/it\/wp-json\/wp\/v2\/comments?post=4872"}],"version-history":[{"count":0,"href":"https:\/\/informacionlocal.es\/it\/wp-json\/wp\/v2\/posts\/4872\/revisions"}],"wp:featuredmedia":[{"embeddable":true,"href":"https:\/\/informacionlocal.es\/it\/wp-json\/wp\/v2\/media\/4867"}],"wp:attachment":[{"href":"https:\/\/informacionlocal.es\/it\/wp-json\/wp\/v2\/media?parent=4872"}],"wp:term":[{"taxonomy":"category","embeddable":true,"href":"https:\/\/informacionlocal.es\/it\/wp-json\/wp\/v2\/categories?post=4872"},{"taxonomy":"post_tag","embeddable":true,"href":"https:\/\/informacionlocal.es\/it\/wp-json\/wp\/v2\/tags?post=4872"}],"curies":[{"name":"wp","href":"https:\/\/api.w.org\/{rel}","templated":true}]}}