{"id":4858,"date":"2025-06-04T09:01:16","date_gmt":"2025-06-04T09:01:16","guid":{"rendered":"https:\/\/informacionlocal.es\/pajara-completa-i-lavori-di-pulizia-e-sgombero-nella-zona-di-jandia\/"},"modified":"2025-06-04T09:01:16","modified_gmt":"2025-06-04T09:01:16","slug":"pajara-completa-i-lavori-di-pulizia-e-sgombero-nella-zona-di-jandia","status":"publish","type":"post","link":"https:\/\/informacionlocal.es\/it\/pajara-completa-i-lavori-di-pulizia-e-sgombero-nella-zona-di-jandia\/","title":{"rendered":"P\u00e1jara completa i lavori di pulizia e sgombero nella zona di Jand\u00eda"},"content":{"rendered":"<div class=\"entry-content\">\n<p><b><i>Il Dipartimento dell \u201cAmbiente sta lavorando su diverse strade della citt\u00e0 nell\u201d ambito del piano di miglioramento degli spazi pubblici.<\/i><\/b><\/p>\n<p><span>Il Dipartimento dell&#8217;Ambiente del Comune di P\u00e1jara ha completato la pulizia delle strade, lo sgombero e la rimozione della vegetazione nelle vie Dulcine, Sancho Panza e Avenida del Quijote, situate nella zona di Barcel\u00f3, a Jand\u00eda.  <\/span><\/p>\n<p><span>Queste azioni fanno parte del piano comunale di miglioramento e manutenzione degli spazi pubblici, promosso con l \u201cobiettivo di mantenere le strade e le aree comuni del comune in condizioni ottimali. Il lavoro svolto ha contribuito a migliorare l\u201d immagine dell \u201cambiente, a migliorare la sicurezza dei pedoni e a prevenire i rischi legati all\u201d accumulo di vegetazione secca.   <\/span><\/p>\n<p><span>L &#8220;assessore all&#8221; Ambiente, \u00c1ngeles Acosta, sottolinea che questo lavoro \u00e8 essenziale per preservare la qualit\u00e0 dell &#8220;ambiente urbano. \u2018Con queste azioni non solo miglioriamo l\u2019 estetica del comune, ma contribuiamo anche al benessere collettivo e al buon uso delle nostre strade e degli spazi comuni&#8221;, afferma.   <\/span><\/p>\n<p><span>L&#8217;assessore ha anche ringraziato i residenti della zona per il loro coinvolgimento, che, ha detto, &#8220;hanno facilitato lo sviluppo dei lavori&#8221;.  <\/span><\/p>\n<p><span>Il Municipio di P\u00e1jara ricorda che il mantenimento di un ambiente pulito \u00e8 una responsabilit\u00e0 condivisa e incoraggia i cittadini a continuare a collaborare alla conservazione dello spazio pubblico.  <\/span><\/p>\n<\/div>\n","protected":false},"excerpt":{"rendered":"<p><i>Il Dipartimento dell \u201cAmbiente sta lavorando su diverse strade della citt\u00e0 nell\u201d ambito del piano di miglioramento degli spazi pubblici.<\/i><\/p>\n","protected":false},"author":1,"featured_media":4855,"comment_status":"open","ping_status":"open","sticky":false,"template":"","format":"standard","meta":{"inline_featured_image":false,"jnews-multi-image_gallery":[],"jnews_single_post":[],"jnews_primary_category":[],"jnews_social_meta":[],"jnews_override_counter":[],"jnews_post_split":[],"footnotes":""},"categories":[298],"tags":[205],"class_list":["post-4858","post","type-post","status-publish","format-standard","has-post-thumbnail","hentry","category-pajara-it","tag-ambiente"],"jetpack_featured_media_url":"https:\/\/informacionlocal.es\/wp-content\/uploads\/2025\/06\/imagen-de-whatsapp-2025-06-04-a-las-07-03-11_e72e32d2.jpg","_links":{"self":[{"href":"https:\/\/informacionlocal.es\/it\/wp-json\/wp\/v2\/posts\/4858","targetHints":{"allow":["GET"]}}],"collection":[{"href":"https:\/\/informacionlocal.es\/it\/wp-json\/wp\/v2\/posts"}],"about":[{"href":"https:\/\/informacionlocal.es\/it\/wp-json\/wp\/v2\/types\/post"}],"author":[{"embeddable":true,"href":"https:\/\/informacionlocal.es\/it\/wp-json\/wp\/v2\/users\/1"}],"replies":[{"embeddable":true,"href":"https:\/\/informacionlocal.es\/it\/wp-json\/wp\/v2\/comments?post=4858"}],"version-history":[{"count":0,"href":"https:\/\/informacionlocal.es\/it\/wp-json\/wp\/v2\/posts\/4858\/revisions"}],"wp:featuredmedia":[{"embeddable":true,"href":"https:\/\/informacionlocal.es\/it\/wp-json\/wp\/v2\/media\/4855"}],"wp:attachment":[{"href":"https:\/\/informacionlocal.es\/it\/wp-json\/wp\/v2\/media?parent=4858"}],"wp:term":[{"taxonomy":"category","embeddable":true,"href":"https:\/\/informacionlocal.es\/it\/wp-json\/wp\/v2\/categories?post=4858"},{"taxonomy":"post_tag","embeddable":true,"href":"https:\/\/informacionlocal.es\/it\/wp-json\/wp\/v2\/tags?post=4858"}],"curies":[{"name":"wp","href":"https:\/\/api.w.org\/{rel}","templated":true}]}}