{"id":4847,"date":"2025-06-04T08:24:56","date_gmt":"2025-06-04T08:24:56","guid":{"rendered":"https:\/\/informacionlocal.es\/mercato-estivo-di-varieta-a-caleta-de-fuste\/"},"modified":"2025-06-04T08:24:56","modified_gmt":"2025-06-04T08:24:56","slug":"mercato-estivo-di-varieta-a-caleta-de-fuste","status":"publish","type":"post","link":"https:\/\/informacionlocal.es\/it\/mercato-estivo-di-varieta-a-caleta-de-fuste\/","title":{"rendered":"Mercato estivo di variet\u00e0 a Caleta de Fuste"},"content":{"rendered":"<div class=\"elementor-widget-container\">\n<p><strong>Mercato estivo di variet\u00e0 a Caleta de Fuste<\/strong><\/p>\n<p><strong>&#8211; A Caleta de Fuste torna il Mercato estivo di variet\u00e0, ogni venerd\u00ec in piazza El Castillo dalle 17:00 alle 22:00 fino al 6 giugno.<\/strong><\/p>\n<p>Il Municipio di Antigua riprende il mercato estivo di variet\u00e0 organizzato dal Dipartimento del Commercio nella piazza di Caleta de Fuste ogni venerd\u00ec dalle 17:00 alle 22:00, dal 6 giugno fino a venerd\u00ec 26 settembre.<\/p>\n<p>L&#8217;estate a Caleta de Fuste sar\u00e0 vissuta con vari eventi, feste e appuntamenti interessanti organizzati dai diversi dipartimenti del Municipio di Antigua, afferma il sindaco Mat\u00edas Pe\u00f1a Garc\u00eda. Tra questi, torna il Mercato estivo di variet\u00e0, che inizia questo venerd\u00ec nella Plaza de El Castillo.<\/p>\n<p>Quindici bancarelle sono i partecipanti a questo mercato estivo, dice l&#8217;assessore Giuseppe Signorino, facilitando da parte dell&#8217;Assessorato al Commercio il montaggio dei gazebo, l&#8217;allacciamento della luce, la filodiffusione e le attivit\u00e0 di intrattenimento per facilitare la vendita, oltre che per attirare turisti e residenti a visitare la piazza di El Castillo, soprattutto dalla citt\u00e0.<\/p>\n<p>In questo Summer Market si possono trovare tutti i tipi di prodotti da regalare o da portare a casa come souvenir dell \u201cisola, aggiunge l\u201d assessore Signorino, dagli accessori, bracciali e collane o braccialetti, ai cappelli, vestiti, oggetti pratici o decorativi per la casa, giocattoli per i pi\u00f9 piccoli o divertenti caricature fatte sul posto.<\/p>\n<p>Ogni venerd\u00ec pomeriggio durante l \u201cestate, il Mercato estivo di variet\u00e0 nella Plaza El Castillo di Caleta de Fuste offrir\u00e0, oltre agli attraenti prodotti esposti, attivit\u00e0 complementari e attraenti come un\u201d area gonfiabile, laboratori e giochi per il divertimento dei bambini e delle loro famiglie.<\/p>\n<p>L&#8217;obiettivo principale di questo mercato estivo \u00e8 quello di invitare i turisti a uscire dagli alberghi, offrire attivit\u00e0 di intrattenimento ai residenti e stimolare il commercio e l&#8217;attivit\u00e0 di bar e ristoranti, spiega l&#8217;assessore.<\/p>\n<\/div>\n","protected":false},"excerpt":{"rendered":"<p><strong>Mercato estivo di variet\u00e0 a Caleta de Fuste<\/strong><\/p>\n","protected":false},"author":1,"featured_media":4843,"comment_status":"open","ping_status":"open","sticky":false,"template":"","format":"standard","meta":{"inline_featured_image":false,"jnews-multi-image_gallery":[],"jnews_single_post":[],"jnews_primary_category":[],"jnews_social_meta":[],"jnews_override_counter":[],"jnews_post_split":[],"footnotes":""},"categories":[282],"tags":[308],"class_list":["post-4847","post","type-post","status-publish","format-standard","has-post-thumbnail","hentry","category-antigua-it","tag-eventos-it"],"jetpack_featured_media_url":"https:\/\/informacionlocal.es\/wp-content\/uploads\/2025\/06\/img-20250526-wa0022.jpg","_links":{"self":[{"href":"https:\/\/informacionlocal.es\/it\/wp-json\/wp\/v2\/posts\/4847","targetHints":{"allow":["GET"]}}],"collection":[{"href":"https:\/\/informacionlocal.es\/it\/wp-json\/wp\/v2\/posts"}],"about":[{"href":"https:\/\/informacionlocal.es\/it\/wp-json\/wp\/v2\/types\/post"}],"author":[{"embeddable":true,"href":"https:\/\/informacionlocal.es\/it\/wp-json\/wp\/v2\/users\/1"}],"replies":[{"embeddable":true,"href":"https:\/\/informacionlocal.es\/it\/wp-json\/wp\/v2\/comments?post=4847"}],"version-history":[{"count":0,"href":"https:\/\/informacionlocal.es\/it\/wp-json\/wp\/v2\/posts\/4847\/revisions"}],"wp:featuredmedia":[{"embeddable":true,"href":"https:\/\/informacionlocal.es\/it\/wp-json\/wp\/v2\/media\/4843"}],"wp:attachment":[{"href":"https:\/\/informacionlocal.es\/it\/wp-json\/wp\/v2\/media?parent=4847"}],"wp:term":[{"taxonomy":"category","embeddable":true,"href":"https:\/\/informacionlocal.es\/it\/wp-json\/wp\/v2\/categories?post=4847"},{"taxonomy":"post_tag","embeddable":true,"href":"https:\/\/informacionlocal.es\/it\/wp-json\/wp\/v2\/tags?post=4847"}],"curies":[{"name":"wp","href":"https:\/\/api.w.org\/{rel}","templated":true}]}}