{"id":4823,"date":"2025-06-03T19:17:04","date_gmt":"2025-06-03T19:17:04","guid":{"rendered":"https:\/\/informacionlocal.es\/puerto-del-rosario-presenta-diversi-accordi-con-varie-associazioni-e-gruppi\/"},"modified":"2025-06-03T19:17:04","modified_gmt":"2025-06-03T19:17:04","slug":"puerto-del-rosario-presenta-diversi-accordi-con-varie-associazioni-e-gruppi","status":"publish","type":"post","link":"https:\/\/informacionlocal.es\/it\/puerto-del-rosario-presenta-diversi-accordi-con-varie-associazioni-e-gruppi\/","title":{"rendered":"Puerto del Rosario presenta diversi accordi con varie associazioni e gruppi."},"content":{"rendered":"<div class=\"entry-content\">\n<p>Luned\u00ec mattina, 2 giugno, sono stati firmati diversi accordi in municipio con varie associazioni e gruppi.<\/p>\n<p><strong> <\/strong><strong>Accordo &#8220;Spazi liberi dal fumo&#8221;.<\/strong> Il Comune di Puerto del Rosario collaborer\u00e0 alla diffusione della campagna di prevenzione dell&#8217;Associazione, il cui obiettivo \u00e8 rendere visibile la condizione di &#8220;SPAZI LIBERI DAL FUMO&#8221; di stabilimenti o strutture pubbliche e\/o private. A tal fine, oltre a diffondere i messaggi di prevenzione dell&#8217;Associazione, l&#8217;organizzazione si impegna a incoraggiare l&#8217;ente corrispondente a emanare le norme\/regolamenti\/ordinanze necessarie per vietare il fumo nelle sue strutture all&#8217;aperto, essendo questo lo scopo principale della collaborazione.<\/p>\n<p><strong>Accordo con AFFA Alzheimer.<\/strong>  Lo scopo dell&#8217;accordo \u00e8 l&#8217;implementazione di un servizio di assistenza per persone affette da Alzheimer o altre demenze a Fuerteventura, promuovendo il mantenimento cognitivo attraverso il lavoro sulle funzioni intellettuali pi\u00f9 significative per queste persone e promuovendo il benessere psicosociale dei caregiver di persone affette da Alzheimer o altre demenze residenti nel comune di Puerto del Rosario. L&#8217;importo ammonta a un totale di 32.000 euro. <\/p>\n<p><strong>Accordo Fuerte Yoga.<\/strong>  Il Progetto Benessere e Salute 2025 \u00e8 nato dagli interessi reciproci dell \u201cAssociazione Fuerteyoga, dei dipartimenti di Psichiatria, Salute Mentale, Reumatologia e Oncologia dell\u201d Ospedale dell \u201cIsola di Fuerteventura, tutti sempre legati al benessere e alla salute. Questo progetto, con i suoi quattro programmi, \u00e8 adattato alle esigenze delle diverse persone che lo compongono e il cui obiettivo \u00e8 quello di consentire a queste persone di trasferire tutto ci\u00f2 che hanno ricevuto nei laboratori, nei corsi e nelle lezioni alla loro vita quotidiana, rendendole sempre partecipi delle lezioni\/laboratori e aiutandole a sviluppare continuamente tutto ci\u00f2 che hanno imparato. L\u201d importo della sovvenzione \u00e8 di 28.000 euro.  <\/p>\n<p><strong>Accordo Asomasamen<\/strong>. Il progetto di accompagnamento per la salute mentale &#8220;Metamorfosis&#8221; \u00e8 stato creato nel 2014. \u00c8 l&#8217;unico servizio di questo tipo, rivolto a persone con gravi disturbi mentali, sviluppato sull&#8217;isola di Fuerteventura. Si tratta di un progetto di accompagnamento terapeutico individualizzato e completo, che mira a fornire continuit\u00e0 di cura alle persone con problemi di salute mentale per lo sviluppo della loro autonomia personale e autodeterminazione. Gli interventi con le persone che fanno parte di questo progetto si svolgono nelle loro case e\/o nel loro ambiente comunitario, favorendo cos\u00ec un&#8217;atmosfera pi\u00f9 calda e confortevole per la persona assistita.    <\/p>\n<p>Va sottolineato che nel corso degli anni il progetto \u00e8 cresciuto e si \u00e8 ampliato in termini di estensione geografica, numero di professionisti e di ore di lavoro dedicate, nonch\u00e9 di numero di persone accolte e di famiglie sostenute. Per un importo di 16.000 euro <\/p>\n<p>Il sindaco, David de Vera, ha dichiarato che \u201cla Corporazione collabora con diversi gruppi che svolgono un eccellente lavoro sociale nel comune, portando avanti diversi programmi e progetti di interesse generale\u201d.<\/p>\n<\/div>\n","protected":false},"excerpt":{"rendered":"<p>Luned\u00ec mattina, 2 giugno, sono stati firmati diversi accordi in municipio con varie associazioni e gruppi. Accordo &#8220;Spazi liberi dal fumo&#8221;. Il Comune di Puerto del Rosario collaborer\u00e0 alla diffusione [&hellip;]<\/p>\n","protected":false},"author":1,"featured_media":4819,"comment_status":"open","ping_status":"open","sticky":false,"template":"","format":"standard","meta":{"inline_featured_image":false,"jnews-multi-image_gallery":[],"jnews_single_post":[],"jnews_primary_category":[],"jnews_social_meta":[],"jnews_override_counter":[],"jnews_post_split":[],"footnotes":""},"categories":[295],"tags":[223],"class_list":["post-4823","post","type-post","status-publish","format-standard","has-post-thumbnail","hentry","category-puerto-del-rosario-it","tag-fuerteventura-it"],"jetpack_featured_media_url":"https:\/\/informacionlocal.es\/wp-content\/uploads\/2025\/06\/convenio-titu-grupo-0625.jpg","_links":{"self":[{"href":"https:\/\/informacionlocal.es\/it\/wp-json\/wp\/v2\/posts\/4823","targetHints":{"allow":["GET"]}}],"collection":[{"href":"https:\/\/informacionlocal.es\/it\/wp-json\/wp\/v2\/posts"}],"about":[{"href":"https:\/\/informacionlocal.es\/it\/wp-json\/wp\/v2\/types\/post"}],"author":[{"embeddable":true,"href":"https:\/\/informacionlocal.es\/it\/wp-json\/wp\/v2\/users\/1"}],"replies":[{"embeddable":true,"href":"https:\/\/informacionlocal.es\/it\/wp-json\/wp\/v2\/comments?post=4823"}],"version-history":[{"count":0,"href":"https:\/\/informacionlocal.es\/it\/wp-json\/wp\/v2\/posts\/4823\/revisions"}],"wp:featuredmedia":[{"embeddable":true,"href":"https:\/\/informacionlocal.es\/it\/wp-json\/wp\/v2\/media\/4819"}],"wp:attachment":[{"href":"https:\/\/informacionlocal.es\/it\/wp-json\/wp\/v2\/media?parent=4823"}],"wp:term":[{"taxonomy":"category","embeddable":true,"href":"https:\/\/informacionlocal.es\/it\/wp-json\/wp\/v2\/categories?post=4823"},{"taxonomy":"post_tag","embeddable":true,"href":"https:\/\/informacionlocal.es\/it\/wp-json\/wp\/v2\/tags?post=4823"}],"curies":[{"name":"wp","href":"https:\/\/api.w.org\/{rel}","templated":true}]}}