{"id":4798,"date":"2025-06-03T13:12:19","date_gmt":"2025-06-03T13:12:19","guid":{"rendered":"https:\/\/informacionlocal.es\/pajara-celebra-le-giornate-dellambiente-e-degli-oceani-con-una-giornata-didattica-e-astronomica-a-morro-jable\/"},"modified":"2025-06-03T13:12:19","modified_gmt":"2025-06-03T13:12:19","slug":"pajara-celebra-le-giornate-dellambiente-e-degli-oceani-con-una-giornata-didattica-e-astronomica-a-morro-jable","status":"publish","type":"post","link":"https:\/\/informacionlocal.es\/it\/pajara-celebra-le-giornate-dellambiente-e-degli-oceani-con-una-giornata-didattica-e-astronomica-a-morro-jable\/","title":{"rendered":"P\u00e1jara celebra le Giornate dell&#8217;Ambiente e degli Oceani con una giornata didattica e astronomica a Morro Jable"},"content":{"rendered":"<div class=\"entry-content\">\n<p><b><i>La Plaza de los Pescadores ospiter\u00e0 laboratori scolastici al mattino e un&#8217;osservazione della luna aperta al pubblico la sera.<\/i><\/b><\/p>\n<p><span>L&#8217;Assessorato all&#8217;Ambiente del Comune di P\u00e1jara organizza una giornata gioved\u00ec 5 giugno in occasione della Giornata Mondiale dell&#8217;Ambiente e degli Oceani. Le attivit\u00e0 si svolgeranno nella Plaza de los Pescadores di Morro Jable, con l&#8217;obiettivo di promuovere l&#8217;educazione ambientale tra gli studenti e i cittadini.   <\/span><\/p>\n<p><span>Durante la mattinata, dalle 9:00 alle 12:30, le scuole locali parteciperanno a diversi laboratori di educazione ambientale, in cui gli studenti potranno imparare in modo giocoso argomenti come il riciclaggio, la biodiversit\u00e0 marina e l&#8217;osservazione del sole, tra gli altri. Queste attivit\u00e0 mirano a sensibilizzare i giovani sull&#8217;importanza di prendersi cura dell&#8217;ambiente naturale.   <\/span><\/p>\n<p><span>La sera, dalle 20:00 alle 22:00, il programma sar\u00e0 aperto al pubblico con un laboratorio di osservazione lunare a cura di Astro Ciencia N\u00f3mada. Questa esperienza astronomica dar\u00e0 ai partecipanti l&#8217;opportunit\u00e0 di osservare la luna e scoprire curiosit\u00e0 su questo satellite naturale che influenza la vita sulla Terra.   <\/span><\/p>\n<p><span>L &#8220;assessore della zona, \u00c1ngeles Acosta, sottolinea l&#8221; importanza di questa giornata. &#8220;Vogliamo che i pi\u00f9 piccoli siano i protagonisti del cambiamento. Educare attraverso il gioco e l \u2018esperienza \u00e8 fondamentale per seminare consapevolezza ambientale. Invitiamo anche tutte le famiglie a partecipare al laboratorio serale, sar\u00e0 un\u2019 esperienza indimenticabile&#8221;, afferma.   <\/span><\/p>\n<p><span>Il Municipio di P\u00e1jara incoraggia tutti i cittadini a partecipare a questa giornata, in cui l \u201ceducazione, la scienza e l\u201d impegno ambientale si uniscono a favore dello sviluppo sostenibile del comune.  <\/span><\/p>\n<p><img fetchpriority=\"high\" decoding=\"async\" class=\"alignnone size-medium wp-image-20435\" src=\"https:\/\/informacionlocal.es\/wp-content\/uploads\/2025\/06\/taller-observacion-lunar-212x300-1.jpeg\" width=\"212\" height=\"300\" title=\"taller-observacion-lunar-212x300-1\"><img decoding=\"async\" class=\"alignnone size-medium wp-image-20434\" src=\"https:\/\/informacionlocal.es\/wp-content\/uploads\/2025\/06\/medio-ambiente-300x252-1.jpg\" width=\"300\" height=\"252\" title=\"medio-ambiente-300x252-1\"><\/p>\n<\/div>\n","protected":false},"excerpt":{"rendered":"<p><i>La Plaza de los Pescadores ospiter\u00e0 laboratori scolastici al mattino e un&#8217;osservazione della luna aperta al pubblico la sera.<\/i><\/p>\n","protected":false},"author":1,"featured_media":4787,"comment_status":"open","ping_status":"open","sticky":false,"template":"","format":"standard","meta":{"inline_featured_image":false,"jnews-multi-image_gallery":[],"jnews_single_post":[],"jnews_primary_category":[],"jnews_social_meta":[],"jnews_override_counter":[],"jnews_post_split":[],"footnotes":""},"categories":[298],"tags":[205,309],"class_list":["post-4798","post","type-post","status-publish","format-standard","has-post-thumbnail","hentry","category-pajara-it","tag-ambiente","tag-educacion-it"],"jetpack_featured_media_url":"https:\/\/informacionlocal.es\/wp-content\/uploads\/2025\/06\/medio-ambiente.jpg","_links":{"self":[{"href":"https:\/\/informacionlocal.es\/it\/wp-json\/wp\/v2\/posts\/4798","targetHints":{"allow":["GET"]}}],"collection":[{"href":"https:\/\/informacionlocal.es\/it\/wp-json\/wp\/v2\/posts"}],"about":[{"href":"https:\/\/informacionlocal.es\/it\/wp-json\/wp\/v2\/types\/post"}],"author":[{"embeddable":true,"href":"https:\/\/informacionlocal.es\/it\/wp-json\/wp\/v2\/users\/1"}],"replies":[{"embeddable":true,"href":"https:\/\/informacionlocal.es\/it\/wp-json\/wp\/v2\/comments?post=4798"}],"version-history":[{"count":0,"href":"https:\/\/informacionlocal.es\/it\/wp-json\/wp\/v2\/posts\/4798\/revisions"}],"wp:featuredmedia":[{"embeddable":true,"href":"https:\/\/informacionlocal.es\/it\/wp-json\/wp\/v2\/media\/4787"}],"wp:attachment":[{"href":"https:\/\/informacionlocal.es\/it\/wp-json\/wp\/v2\/media?parent=4798"}],"wp:term":[{"taxonomy":"category","embeddable":true,"href":"https:\/\/informacionlocal.es\/it\/wp-json\/wp\/v2\/categories?post=4798"},{"taxonomy":"post_tag","embeddable":true,"href":"https:\/\/informacionlocal.es\/it\/wp-json\/wp\/v2\/tags?post=4798"}],"curies":[{"name":"wp","href":"https:\/\/api.w.org\/{rel}","templated":true}]}}