{"id":4779,"date":"2025-06-03T10:31:03","date_gmt":"2025-06-03T10:31:03","guid":{"rendered":"https:\/\/informacionlocal.es\/il-comune-di-la-oliva-fa-il-primo-passo-per-studiare-l-introduzione-di-una-tassa-di-soggiorno-per-rafforzare-i-servizi-pubblici-e-proteggere-l-ambiente-naturale\/"},"modified":"2025-06-03T10:31:03","modified_gmt":"2025-06-03T10:31:03","slug":"il-comune-di-la-oliva-fa-il-primo-passo-per-studiare-l-introduzione-di-una-tassa-di-soggiorno-per-rafforzare-i-servizi-pubblici-e-proteggere-l-ambiente-naturale","status":"publish","type":"post","link":"https:\/\/informacionlocal.es\/it\/il-comune-di-la-oliva-fa-il-primo-passo-per-studiare-l-introduzione-di-una-tassa-di-soggiorno-per-rafforzare-i-servizi-pubblici-e-proteggere-l-ambiente-naturale\/","title":{"rendered":"Il Comune di La Oliva fa il primo passo per studiare l \u201cintroduzione di una tassa di soggiorno per rafforzare i servizi pubblici e proteggere l\u201d ambiente naturale."},"content":{"rendered":"<p>Il Comune di La Oliva ha commissionato la redazione di uno studio economico per valutare la fattibilit\u00e0 dell&#8217;introduzione di un&#8217;imposta comunale di soggiorno. Questa misura, che \u00e8 ancora in fase di analisi tecnica e giuridica, risponde alla volont\u00e0 del gruppo di governo di generare entrate aggiuntive che permettano di affrontare con maggiori garanzie l&#8217;impatto che l&#8217;attivit\u00e0 turistica ha sui servizi pubblici e sull&#8217;ambiente naturale del comune. <\/p>\n<p>Il sindaco di La Oliva, Isa\u00ed Blanco, ha sottolineato che &#8220;l&#8217;intenzione del Comune \u00e8 quella di aprire questo dibattito in modo serio e di avere tutte le informazioni necessarie per prendere una decisione responsabile. Se riusciremo a introdurre una tassa di soggiorno equilibrata ed equa, faremo un passo importante verso un modello pi\u00f9 equilibrato e pi\u00f9 giusto&#8221;.<\/p>\n<p>Su questa linea, il Comune ha affidato a un team tecnico la preparazione di uno studio per stimare le entrate potenziali, le possibili modalit\u00e0 di applicazione e il quadro giuridico della misura, considerando anche il volume di case vacanza e stabilimenti turistici presenti nel Comune.<\/p>\n<p>L&#8217;assessore al Turismo, David Fajardo, ha confermato che lo studio di fattibilit\u00e0 economica \u00e8 gi\u00e0 stato commissionato, con l&#8217;obiettivo di attuarlo, se deciso, entro l&#8217;attuale mandato. &#8220;La proposta che stiamo esaminando propone una tassa molto bassa, che non comporterebbe un costo significativo per i visitatori, ma ci permetterebbe di rafforzare servizi come la pulizia, la conservazione dell&#8217;ambiente e la manutenzione degli spazi pubblici&#8221;, ha affermato. Ha inoltre sottolineato che &#8220;questa misura \u00e8 stata discussa all&#8217;interno dell&#8217;Associazione dei Comuni Turistici delle Isole Canarie (AMTC), di cui La Oliva \u00e8 membro attivo, condividendo esperienze e lezioni apprese con altre destinazioni turistiche dell&#8217;arcipelago&#8221;.  <\/p>\n<p>Da parte sua, l &#8220;assessore alle Finanze, Juan Jos\u00e9 Rodr\u00edguez, ha sottolineato che \u2018l\u2019 obiettivo \u00e8 che, nel caso in cui questa tassa venga finalmente introdotta, sia gestita in modo efficiente, fornisca un ritorno diretto ai residenti di La Oliva e contribuisca direttamente al miglioramento della sicurezza pubblica e dei servizi di pulizia delle strade nella zona. Non si tratta solo di una misura di riscossione fiscale, ma di uno strumento per ridistribuire parte dello sforzo che il Comune sta attualmente sostenendo, in modo che ogni turista che pernotta a La Oliva contribuisca al miglioramento e alla manutenzione del nostro territorio&#8221;.<\/p>\n<p>Il Comune sottolinea che la tassa, se dovesse andare in porto, avrebbe un impatto economico molto ridotto sui visitatori, ma rafforzerebbe in modo significativo i servizi utilizzati sia dai residenti che dai turisti. &#8220;La Oliva \u00e8 una destinazione privilegiata, con risorse naturali uniche e una forte pressione turistica in alcuni periodi dell&#8217;anno. Se vogliamo prenderci cura di ci\u00f2 che siamo, abbiamo bisogno di strumenti che ci permettano di sostenere il modello&#8221;, ha aggiunto il sindaco. <\/p>\n<p>Il Comune continuer\u00e0 a lavorare nei prossimi mesi all \u201canalisi tecnica, giuridica e politica della proposta, che sar\u00e0 condivisa con tutti i settori coinvolti prima della sua eventuale approvazione. L\u201d impegno del gruppo di governo \u00e8 chiaro: andare verso una gestione del turismo pi\u00f9 equa e ordinata, impegnata a favore dei cittadini e del territorio. <\/p>\n","protected":false},"excerpt":{"rendered":"<p><span>Il gruppo governativo commissiona uno studio economico per analizzare la fattibilit\u00e0 di questa misura, che consentirebbe di destinare parte dell \u201cimpatto del turismo al finanziamento delle infrastrutture, alla pulizia, alla conservazione dell\u201d ambiente e al miglioramento della qualit\u00e0 della vita dei residenti locali.<\/span><\/p>\n","protected":false},"author":1,"featured_media":4775,"comment_status":"open","ping_status":"open","sticky":false,"template":"","format":"standard","meta":{"inline_featured_image":false,"jnews-multi-image_gallery":[],"jnews_single_post":[],"jnews_primary_category":[],"jnews_social_meta":[],"jnews_override_counter":[],"jnews_post_split":[],"footnotes":""},"categories":[292],"tags":[202,203],"class_list":["post-4779","post","type-post","status-publish","format-standard","has-post-thumbnail","hentry","category-la-oliva-it","tag-comuni","tag-servizi-pubblici"],"jetpack_featured_media_url":"https:\/\/informacionlocal.es\/wp-content\/uploads\/2025\/06\/5206_618bb26b.png","_links":{"self":[{"href":"https:\/\/informacionlocal.es\/it\/wp-json\/wp\/v2\/posts\/4779","targetHints":{"allow":["GET"]}}],"collection":[{"href":"https:\/\/informacionlocal.es\/it\/wp-json\/wp\/v2\/posts"}],"about":[{"href":"https:\/\/informacionlocal.es\/it\/wp-json\/wp\/v2\/types\/post"}],"author":[{"embeddable":true,"href":"https:\/\/informacionlocal.es\/it\/wp-json\/wp\/v2\/users\/1"}],"replies":[{"embeddable":true,"href":"https:\/\/informacionlocal.es\/it\/wp-json\/wp\/v2\/comments?post=4779"}],"version-history":[{"count":0,"href":"https:\/\/informacionlocal.es\/it\/wp-json\/wp\/v2\/posts\/4779\/revisions"}],"wp:featuredmedia":[{"embeddable":true,"href":"https:\/\/informacionlocal.es\/it\/wp-json\/wp\/v2\/media\/4775"}],"wp:attachment":[{"href":"https:\/\/informacionlocal.es\/it\/wp-json\/wp\/v2\/media?parent=4779"}],"wp:term":[{"taxonomy":"category","embeddable":true,"href":"https:\/\/informacionlocal.es\/it\/wp-json\/wp\/v2\/categories?post=4779"},{"taxonomy":"post_tag","embeddable":true,"href":"https:\/\/informacionlocal.es\/it\/wp-json\/wp\/v2\/tags?post=4779"}],"curies":[{"name":"wp","href":"https:\/\/api.w.org\/{rel}","templated":true}]}}