{"id":4766,"date":"2025-06-03T10:07:07","date_gmt":"2025-06-03T10:07:07","guid":{"rendered":"https:\/\/informacionlocal.es\/pajara-celebra-i-festeggiamenti-in-onore-di-san-antonio-di-padova-a-toto\/"},"modified":"2025-06-03T10:07:07","modified_gmt":"2025-06-03T10:07:07","slug":"pajara-celebra-i-festeggiamenti-in-onore-di-san-antonio-di-padova-a-toto","status":"publish","type":"post","link":"https:\/\/informacionlocal.es\/it\/pajara-celebra-i-festeggiamenti-in-onore-di-san-antonio-di-padova-a-toto\/","title":{"rendered":"P\u00e1jara celebra i festeggiamenti in onore di San Antonio di Padova a Toto"},"content":{"rendered":"<div class=\"entry-content\">\n<p><b><i>Dal 4 al 13 giugno, il villaggio ospiter\u00e0 un programma ricco di tradizioni, musica, attivit\u00e0 per le famiglie e il pellegrinaggio.  <\/i><\/b><\/p>\n<p><span>La Concejal\u00eda de Festejos del Ayuntamiento de P\u00e1jara presenta il programma degli eventi previsti per le Feste in onore di San Antonio di Padova 2025, nel villaggio di Toto.  <\/span><\/p>\n<p><span>Le feste patronali si svolgeranno dal 4 al 13 giugno con un&#8217;ampia gamma di attivit\u00e0 per il divertimento di tutta la popolazione. Il programma prevede laboratori, tornei, pellegrinaggio, lotta canaria, degustazione di formaggi, attivit\u00e0 per bambini e molti altri eventi che garantiranno il divertimento di tutti.   <\/span><\/p>\n<p><span>L&#8217;assessore alle Feste, Juan Jos\u00e9 Viera, sottolinea l&#8217;importanza di queste celebrazioni per la citt\u00e0 e commenta che &#8220;quest&#8217;anno abbiamo lavorato per offrire un programma dinamico e partecipativo, dove ogni generazione trova il suo spazio per condividere e festeggiare&#8221;.  <\/span><\/p>\n<p><span>E aggiunge: &#8220;Vorremmo ringraziare l \u2018impegno del comitato del festival per la sua dedizione, le sue iniziative innovative e il suo lavoro costante, che sono stati fondamentali per l\u2019 organizzazione di questo programma&#8221;.  <\/span><\/p>\n<p><span>Il programma dei festeggiamenti prevede eventi di spicco, come il tradizionale pellegrinaggio che si svolger\u00e0 sabato 7 giugno, a partire dalle ore 18:00, con partenza dal Cortijo de Tetu\u00ed. Gioved\u00ec 12, alle ore 18:00, si terr\u00e0 una bancarella canaria, accompagnata da un raduno folcloristico, e venerd\u00ec 13, alle ore 18:00, si terr\u00e0 una solenne funzione religiosa seguita dalla processione di San Antonio de Padua. <\/span><\/p>\n<p><span>I festeggiamenti inizieranno ufficialmente mercoled\u00ec 4 giugno con la decorazione del villaggio, riempiendolo di colori e tradizioni.<\/span><\/p>\n<p><img fetchpriority=\"high\" decoding=\"async\" class=\"alignnone size-medium wp-image-20431\" src=\"https:\/\/informacionlocal.es\/wp-content\/uploads\/2025\/06\/programa-toto-2025-1-200x300-1.jpg\" width=\"200\" height=\"300\" title=\"programa-toto-2025-1-200x300-1\"><\/p>\n<\/div>\n","protected":false},"excerpt":{"rendered":"<p><i>Dal 4 al 13 giugno, il villaggio ospiter\u00e0 un programma ricco di tradizioni, musica, attivit\u00e0 per le famiglie e il pellegrinaggio.  <\/i><\/p>\n","protected":false},"author":1,"featured_media":4759,"comment_status":"open","ping_status":"open","sticky":false,"template":"","format":"standard","meta":{"inline_featured_image":false,"jnews-multi-image_gallery":[],"jnews_single_post":[],"jnews_primary_category":[],"jnews_social_meta":[],"jnews_override_counter":[],"jnews_post_split":[],"footnotes":""},"categories":[298],"tags":[308],"class_list":["post-4766","post","type-post","status-publish","format-standard","has-post-thumbnail","hentry","category-pajara-it","tag-eventos-it"],"jetpack_featured_media_url":"https:\/\/informacionlocal.es\/wp-content\/uploads\/2025\/06\/programa-toto-2025-1-scaled-1.jpg","_links":{"self":[{"href":"https:\/\/informacionlocal.es\/it\/wp-json\/wp\/v2\/posts\/4766","targetHints":{"allow":["GET"]}}],"collection":[{"href":"https:\/\/informacionlocal.es\/it\/wp-json\/wp\/v2\/posts"}],"about":[{"href":"https:\/\/informacionlocal.es\/it\/wp-json\/wp\/v2\/types\/post"}],"author":[{"embeddable":true,"href":"https:\/\/informacionlocal.es\/it\/wp-json\/wp\/v2\/users\/1"}],"replies":[{"embeddable":true,"href":"https:\/\/informacionlocal.es\/it\/wp-json\/wp\/v2\/comments?post=4766"}],"version-history":[{"count":0,"href":"https:\/\/informacionlocal.es\/it\/wp-json\/wp\/v2\/posts\/4766\/revisions"}],"wp:featuredmedia":[{"embeddable":true,"href":"https:\/\/informacionlocal.es\/it\/wp-json\/wp\/v2\/media\/4759"}],"wp:attachment":[{"href":"https:\/\/informacionlocal.es\/it\/wp-json\/wp\/v2\/media?parent=4766"}],"wp:term":[{"taxonomy":"category","embeddable":true,"href":"https:\/\/informacionlocal.es\/it\/wp-json\/wp\/v2\/categories?post=4766"},{"taxonomy":"post_tag","embeddable":true,"href":"https:\/\/informacionlocal.es\/it\/wp-json\/wp\/v2\/tags?post=4766"}],"curies":[{"name":"wp","href":"https:\/\/api.w.org\/{rel}","templated":true}]}}