{"id":4678,"date":"2025-06-02T09:50:17","date_gmt":"2025-06-02T09:50:17","guid":{"rendered":"https:\/\/informacionlocal.es\/los-lajares-ospita-la-prima-mostra-di-bestiame-del-comune\/"},"modified":"2025-06-02T09:50:17","modified_gmt":"2025-06-02T09:50:17","slug":"los-lajares-ospita-la-prima-mostra-di-bestiame-del-comune","status":"publish","type":"post","link":"https:\/\/informacionlocal.es\/it\/los-lajares-ospita-la-prima-mostra-di-bestiame-del-comune\/","title":{"rendered":"Los Lajares ospita la prima mostra di bestiame del comune"},"content":{"rendered":"<p>Il Comune di La Oliva, attraverso l&#8217;Assessorato al Settore Primario, guidato da Rub\u00e9n Gonz\u00e1lez, promuove la prima mostra zootecnica del comune domenica prossima, 8 giugno, nel villaggio di Los Lajares. Nell&#8217;ambito dei festeggiamenti locali in onore di San Antonio di Padova, si terr\u00e0 questa iniziativa proposta dal comitato dei festeggiamenti locali e dagli allevatori del paese, con l&#8217;obiettivo di promuovere il lavoro dell&#8217;allevamento nella zona. In questo senso, l&#8217;obiettivo \u00e8 quello di promuovere le tradizioni del comune, facendo conoscere le radici dei Majoreros.  <\/p>\n<p>Gli abitanti e i visitatori potranno quindi godere di questa mostra, che si svolger\u00e0 accanto alla piazza del paese, in un programma in cui il settore primario, e in particolare l&#8217;allevamento, sar\u00e0 il protagonista principale. Oltre all&#8217;esposizione di bestiame dalle 10:00 alle 19:00, la giornata comprender\u00e0 anche un&#8217;esibizione del gioco del palo da parte delle scuole di palo de la Isla alle 12:00, una grigliata popolare alle 13:00, la consegna dei diplomi ai partecipanti all&#8217;evento alle 14:00 e culminer\u00e0 con l&#8217;esibizione dell&#8217;Orchestra Jacomar alle 15:00. Durante l&#8217;evento saranno allestite anche due bancarelle di agricoltori locali per promuovere i prodotti locali.  <\/p>\n<p>Il sindaco di La Oliva, Isa\u00ed Blanco, sottolinea l&#8217;importanza di promuovere questo tipo di eventi: &#8220;Tutto ci\u00f2 che \u00e8 legato alle nostre radici e alla nostra identit\u00e0 merita di essere valorizzato, promosso e fatto conoscere ai nostri visitatori e alle generazioni future. L&#8217;allevamento fa parte della storia della nostra isola e questa mostra serve a mostrare chi eravamo e chi continuiamo a essere, a far scoprire il mondo dell&#8217;allevamento ai pi\u00f9 piccoli, riconoscendo allo stesso tempo il grande sforzo che gli allevatori fanno per garantire il mantenimento delle nostre tradizioni&#8221;.<\/p>\n<p>Da parte sua, l&#8217;assessore al Settore primario, Rub\u00e9n Gonz\u00e1lez, afferma: &#8220;Questa iniziativa proposta dal settore zootecnico di Los Lajares, cos\u00ec come da diversi membri del comitato della festa, \u00e8 un&#8217;opportunit\u00e0 unica per continuare a sensibilizzare l&#8217;opinione pubblica sul ruolo del bestiame nel comune. Da parte del Comune consideriamo fondamentale la promozione della nostra tradizione zootecnica e, per questo motivo, il Consiglio continuer\u00e0 a incoraggiare la promozione di tutto il lavoro del settore primario a La Oliva&#8221;.  <\/p>\n<p>Questa azione risponde all \u201cimpegno del governo locale di incoraggiare e promuovere le attivit\u00e0 legate al settore primario, in modo da non diluire la tradizione e l\u201d identit\u00e0 del popolo Majorero di oggi.<\/p>\n","protected":false},"excerpt":{"rendered":"<p><span>Il Concistoro si impegna a promuovere e rendere visibile il lavoro del Settore Primario nell&#8217;ambito dei festeggiamenti di San Antonio di Padova.<\/span><\/p>\n","protected":false},"author":1,"featured_media":4675,"comment_status":"open","ping_status":"open","sticky":false,"template":"","format":"standard","meta":{"inline_featured_image":false,"jnews-multi-image_gallery":[],"jnews_single_post":[],"jnews_primary_category":[],"jnews_social_meta":[],"jnews_override_counter":[],"jnews_post_split":[],"footnotes":""},"categories":[292],"tags":[308],"class_list":["post-4678","post","type-post","status-publish","format-standard","has-post-thumbnail","hentry","category-la-oliva-it","tag-eventos-it"],"jetpack_featured_media_url":"https:\/\/informacionlocal.es\/wp-content\/uploads\/2025\/06\/5205_86c63484.png","_links":{"self":[{"href":"https:\/\/informacionlocal.es\/it\/wp-json\/wp\/v2\/posts\/4678","targetHints":{"allow":["GET"]}}],"collection":[{"href":"https:\/\/informacionlocal.es\/it\/wp-json\/wp\/v2\/posts"}],"about":[{"href":"https:\/\/informacionlocal.es\/it\/wp-json\/wp\/v2\/types\/post"}],"author":[{"embeddable":true,"href":"https:\/\/informacionlocal.es\/it\/wp-json\/wp\/v2\/users\/1"}],"replies":[{"embeddable":true,"href":"https:\/\/informacionlocal.es\/it\/wp-json\/wp\/v2\/comments?post=4678"}],"version-history":[{"count":0,"href":"https:\/\/informacionlocal.es\/it\/wp-json\/wp\/v2\/posts\/4678\/revisions"}],"wp:featuredmedia":[{"embeddable":true,"href":"https:\/\/informacionlocal.es\/it\/wp-json\/wp\/v2\/media\/4675"}],"wp:attachment":[{"href":"https:\/\/informacionlocal.es\/it\/wp-json\/wp\/v2\/media?parent=4678"}],"wp:term":[{"taxonomy":"category","embeddable":true,"href":"https:\/\/informacionlocal.es\/it\/wp-json\/wp\/v2\/categories?post=4678"},{"taxonomy":"post_tag","embeddable":true,"href":"https:\/\/informacionlocal.es\/it\/wp-json\/wp\/v2\/tags?post=4678"}],"curies":[{"name":"wp","href":"https:\/\/api.w.org\/{rel}","templated":true}]}}