{"id":4666,"date":"2025-06-01T18:44:59","date_gmt":"2025-06-01T18:44:59","guid":{"rendered":"https:\/\/informacionlocal.es\/puerto-del-rosario-riconosce-il-lavoro-degli-allevatori-della-apanada-di-jarugo-e-rende-omaggio-ad-antonio-curbelo\/"},"modified":"2025-06-01T18:44:59","modified_gmt":"2025-06-01T18:44:59","slug":"puerto-del-rosario-riconosce-il-lavoro-degli-allevatori-della-apanada-di-jarugo-e-rende-omaggio-ad-antonio-curbelo","status":"publish","type":"post","link":"https:\/\/informacionlocal.es\/it\/puerto-del-rosario-riconosce-il-lavoro-degli-allevatori-della-apanada-di-jarugo-e-rende-omaggio-ad-antonio-curbelo\/","title":{"rendered":"Puerto del Rosario riconosce il lavoro degli allevatori della apa\u00f1ada di Jarugo e rende omaggio ad Antonio Curbelo."},"content":{"rendered":"<div class=\"entry-content\">\n<p>Sabato 1\u00b0 giugno, la Gambuesa de Jarugo \u00e8 stata teatro di una delle tradizioni pi\u00f9 emblematiche del settore primario Majorero: la \u201capa\u00f1ada\u201d, in cui sono stati riuniti pi\u00f9 di <strong>700 capi di bestiame<\/strong> per la <strong>sanificazione, la marchiatura e la successiva liberazione nel comune di Puerto del Rosario.<\/strong> L \u201cattivit\u00e0, organizzata con il coinvolgimento dell\u201d Associazione degli allevatori di Puerto del Rosario \u201cLa Puipana\u201d, ha riunito numerosi allevatori costieri che, ancora una volta, hanno dimostrato il loro impegno nell \u201callevamento estensivo tradizionale, uno dei pilastri dell\u201d identit\u00e0 di Fuerteventura. <\/p>\n<p>In occasione di questa giornata, gli <strong>allevatori del comune di Puerto del Rosario<\/strong>, insieme al <strong>commissario Antonio Cabrera<\/strong>, al <strong>Comune di Puerto del Rosario <\/strong>e alla stessa associazione \u201cLa Puipana\u201d, hanno reso un commosso <strong>omaggio ad Antonio Curbelo<\/strong>, tecnico di divulgazione agricola del Cabildo di Fuerteventura, in occasione del suo pensionamento.<\/p>\n<p>Per anni, <strong>Curbelo \u00e8 stato una figura chiave nel sostegno e nella tutela dell&#8217;allevamento costiero<\/strong>, distinguendosi per la sua vicinanza, la sua dedizione e la sua profonda conoscenza del territorio e delle sfide affrontate da questa attivit\u00e0 ancestrale. L&#8217;omaggio ha sottolineato la sua dedizione nel corso di una carriera professionale caratterizzata dalla vocazione al servizio e dal rispetto per il patrimonio zootecnico dell&#8217;isola. <\/p>\n<p>All&#8217;evento hanno partecipato diversi membri del gruppo di governo municipale, tra cui <strong>Ana Hern\u00e1ndez (Urbanistica), Jenifer P\u00e9rez (Partecipazione dei cittadini), David de Le\u00f3n (Settore primario)<\/strong> e il <strong>sindaco David de Vera<\/strong>, che ha voluto accompagnare il settore zootecnico in questa giornata significativa.<\/p>\n<p><strong>David de Le\u00f3n<\/strong>, consigliere della zona, ha sottolineato che <em>&#8220;le apa\u00f1adas non sono solo un \u2018attivit\u00e0 di allevamento, ma una manifestazione viva della nostra identit\u00e0. Dal Comune continueremo a promuovere politiche che rafforzino il settore primario, accompagnando i nostri agricoltori nella difesa di un modello sostenibile e rispettoso dell\u2019 ambiente&#8221;.<\/em><\/p>\n<p>Da parte sua, <strong>il sindaco David de Vera<\/strong> ha voluto sottolineare il valore strategico e culturale dell&#8217;allevamento costiero: <em>&#8220;L&#8217;allevamento estensivo tradizionale fa parte dell&#8217;anima di Fuerteventura. Parla di chi siamo, della nostra storia e del nostro legame con la terra. Riconoscere figure come Antonio Curbelo significa anche riconoscere gli sforzi di generazioni di allevatori che hanno mantenuto viva questa attivit\u00e0 di fronte alle avversit\u00e0&#8221;. Il Comune di Puerto del Rosario continuer\u00e0 a lavorare per preservare questa eredit\u00e0 come parte del nostro patrimonio naturale e culturale&#8221;.<\/em><\/p>\n<p>Il Comune di Puerto del Rosario ribadisce il proprio impegno nei confronti del settore primario e ringrazia la partecipazione e l \u201cimpegno di tutti coloro che sono stati coinvolti in questa nuova edizione dell\u201d apa\u00f1ada.<\/p>\n<\/div>\n","protected":false},"excerpt":{"rendered":"<p>Sabato 1\u00b0 giugno, la Gambuesa de Jarugo \u00e8 stata teatro di una delle tradizioni pi\u00f9 emblematiche del settore primario Majorero: la \u201capa\u00f1ada\u201d, in cui sono stati riuniti pi\u00f9 di 700 [&hellip;]<\/p>\n","protected":false},"author":1,"featured_media":4663,"comment_status":"open","ping_status":"open","sticky":false,"template":"","format":"standard","meta":{"inline_featured_image":false,"jnews-multi-image_gallery":[],"jnews_single_post":[],"jnews_primary_category":[],"jnews_social_meta":[],"jnews_override_counter":[],"jnews_post_split":[],"footnotes":""},"categories":[295],"tags":[223],"class_list":["post-4666","post","type-post","status-publish","format-standard","has-post-thumbnail","hentry","category-puerto-del-rosario-it","tag-fuerteventura-it"],"jetpack_featured_media_url":"https:\/\/informacionlocal.es\/wp-content\/uploads\/2025\/06\/apanada-22-jarugo-010625.jpg","_links":{"self":[{"href":"https:\/\/informacionlocal.es\/it\/wp-json\/wp\/v2\/posts\/4666","targetHints":{"allow":["GET"]}}],"collection":[{"href":"https:\/\/informacionlocal.es\/it\/wp-json\/wp\/v2\/posts"}],"about":[{"href":"https:\/\/informacionlocal.es\/it\/wp-json\/wp\/v2\/types\/post"}],"author":[{"embeddable":true,"href":"https:\/\/informacionlocal.es\/it\/wp-json\/wp\/v2\/users\/1"}],"replies":[{"embeddable":true,"href":"https:\/\/informacionlocal.es\/it\/wp-json\/wp\/v2\/comments?post=4666"}],"version-history":[{"count":0,"href":"https:\/\/informacionlocal.es\/it\/wp-json\/wp\/v2\/posts\/4666\/revisions"}],"wp:featuredmedia":[{"embeddable":true,"href":"https:\/\/informacionlocal.es\/it\/wp-json\/wp\/v2\/media\/4663"}],"wp:attachment":[{"href":"https:\/\/informacionlocal.es\/it\/wp-json\/wp\/v2\/media?parent=4666"}],"wp:term":[{"taxonomy":"category","embeddable":true,"href":"https:\/\/informacionlocal.es\/it\/wp-json\/wp\/v2\/categories?post=4666"},{"taxonomy":"post_tag","embeddable":true,"href":"https:\/\/informacionlocal.es\/it\/wp-json\/wp\/v2\/tags?post=4666"}],"curies":[{"name":"wp","href":"https:\/\/api.w.org\/{rel}","templated":true}]}}