{"id":4655,"date":"2025-05-31T08:39:11","date_gmt":"2025-05-31T08:39:11","guid":{"rendered":"https:\/\/informacionlocal.es\/antigua-difende-l-adozione-del-nome-di-d-guillermo-sanchez-velazquez-per-l-ospedale-insulare\/"},"modified":"2025-05-31T08:39:11","modified_gmt":"2025-05-31T08:39:11","slug":"antigua-difende-l-adozione-del-nome-di-d-guillermo-sanchez-velazquez-per-l-ospedale-insulare","status":"publish","type":"post","link":"https:\/\/informacionlocal.es\/it\/antigua-difende-l-adozione-del-nome-di-d-guillermo-sanchez-velazquez-per-l-ospedale-insulare\/","title":{"rendered":"Antigua difende l \u201cadozione del nome di D. Guillermo S\u00e1nchez Vel\u00e1zquez per l\u201d Ospedale Insulare."},"content":{"rendered":"<div class=\"elementor-widget-container\">\n<p><strong>Antigua approva che l&#8217;Ospedale Insulare adotti il nome di D. Guillermo S\u00e1nchez Vel\u00e1zquez<\/strong><\/p>\n<p><strong>&#8211; Con il solo voto contrario di Coalici\u00f3n Canaria, il Consiglio comunale di Antigua approva in seduta plenaria la proposta del Collegio dei medici di Las Palmas di denominare l&#8217;ospedale come Hospital Insular de Fuerteventura D. Guillermo S\u00e1nchez Vel\u00e1zquez.<\/strong><\/p>\n<p>Il Consiglio Comunale di Antigua, in una seduta plenaria tenutasi lo scorso gioved\u00ec 29 maggio, ha approvato a maggioranza assoluta di tutti i consiglieri, tranne quelli di Coalici\u00f3n Canaria, di appoggiare il riconoscimento proposto dal Collegio dei Medici di Las Palmas al signor Guillermo S\u00e1nchez Vel\u00e1zquez, dando il suo nome alla principale infrastruttura sanitaria, l&#8217;Ospedale Insulare di Fuerteventura.<\/p>\n<p>Il nome definitivo dell \u201cHospital Insular de Fuerteventura \u00e8 ancora in fase di definizione da parte del Dipartimento della Salute del Governo delle Isole Canarie, pertanto l\u201d Associazione Medica di Las Palmas propone il nome di Hospital Insular de Fuerteventura D. Guillermo S\u00e1nchez Vel\u00e1zquez.<\/p>\n<p>Una proposta, dice il sindaco Mat\u00edas Pe\u00f1a, che accettiamo e approviamo senza dubbio nel Municipio di Antigua, perch\u00e9 fa eco alla domanda sociale e di quartiere che rivendica il lavoro svolto dal signor Guillermo S\u00e1nchez Vel\u00e1zquez, non solo esercitando la sua professione in ogni angolo dell&#8217;isola, ma anche come motore dell&#8217;esistenza di una rete sanitaria sull&#8217;isola oggi, partecipando alla costruzione della prima clinica pubblica nella capitale.<\/p>\n<p>Inoltre, aggiunge il sindaco, la proposta che appoggiamo non proviene da un organo politico, ma da un organo principale del sistema sanitario delle Isole Canarie, come il Collegio dei Medici di Las Palmas, con il quale concordiamo nel riconoscere la carriera storica, professionale e di impegno del signor Guillermo S\u00e1nchez Vel\u00e1zquez con l&#8217;isola e il suo legame con l&#8217;Ospedale dell&#8217;Isola di Fuerteventura.<\/p>\n<p>La mozione del Collegio dei Medici, presentata dal consigliere Jonathan Pe\u00f1a, \u00e8 stata sostenuta in seduta plenaria da tutti i consiglieri presenti, tranne i rappresentanti del CC, ed \u00e8 stata quindi approvata a maggioranza assoluta, procedendo a trasferirla al Governo delle Isole Canarie, al Cabildo di Fuerteventura e ai consigli locali per la sua approvazione definitiva.<\/p>\n<\/div>\n","protected":false},"excerpt":{"rendered":"<p><strong>Antigua approva che l&#8217;Ospedale Insulare adotti il nome di D. Guillermo S\u00e1nchez Vel\u00e1zquez<\/strong><\/p>\n","protected":false},"author":1,"featured_media":4651,"comment_status":"open","ping_status":"open","sticky":false,"template":"","format":"standard","meta":{"inline_featured_image":false,"jnews-multi-image_gallery":[],"jnews_single_post":[],"jnews_primary_category":[],"jnews_social_meta":[],"jnews_override_counter":[],"jnews_post_split":[],"footnotes":""},"categories":[282],"tags":[223,257],"class_list":["post-4655","post","type-post","status-publish","format-standard","has-post-thumbnail","hentry","category-antigua-it","tag-fuerteventura-it","tag-salute"],"jetpack_featured_media_url":"https:\/\/informacionlocal.es\/wp-content\/uploads\/2025\/05\/alcalde-de-antigua-matias-pena.jpg","_links":{"self":[{"href":"https:\/\/informacionlocal.es\/it\/wp-json\/wp\/v2\/posts\/4655","targetHints":{"allow":["GET"]}}],"collection":[{"href":"https:\/\/informacionlocal.es\/it\/wp-json\/wp\/v2\/posts"}],"about":[{"href":"https:\/\/informacionlocal.es\/it\/wp-json\/wp\/v2\/types\/post"}],"author":[{"embeddable":true,"href":"https:\/\/informacionlocal.es\/it\/wp-json\/wp\/v2\/users\/1"}],"replies":[{"embeddable":true,"href":"https:\/\/informacionlocal.es\/it\/wp-json\/wp\/v2\/comments?post=4655"}],"version-history":[{"count":0,"href":"https:\/\/informacionlocal.es\/it\/wp-json\/wp\/v2\/posts\/4655\/revisions"}],"wp:featuredmedia":[{"embeddable":true,"href":"https:\/\/informacionlocal.es\/it\/wp-json\/wp\/v2\/media\/4651"}],"wp:attachment":[{"href":"https:\/\/informacionlocal.es\/it\/wp-json\/wp\/v2\/media?parent=4655"}],"wp:term":[{"taxonomy":"category","embeddable":true,"href":"https:\/\/informacionlocal.es\/it\/wp-json\/wp\/v2\/categories?post=4655"},{"taxonomy":"post_tag","embeddable":true,"href":"https:\/\/informacionlocal.es\/it\/wp-json\/wp\/v2\/tags?post=4655"}],"curies":[{"name":"wp","href":"https:\/\/api.w.org\/{rel}","templated":true}]}}