{"id":4642,"date":"2025-05-31T08:38:38","date_gmt":"2025-05-31T08:38:38","guid":{"rendered":"https:\/\/informacionlocal.es\/il-mercato-contadino-di-antigua-torna-la-prima-domenica-di-giugno\/"},"modified":"2025-05-31T08:38:38","modified_gmt":"2025-05-31T08:38:38","slug":"il-mercato-contadino-di-antigua-torna-la-prima-domenica-di-giugno","status":"publish","type":"post","link":"https:\/\/informacionlocal.es\/it\/il-mercato-contadino-di-antigua-torna-la-prima-domenica-di-giugno\/","title":{"rendered":"Il mercato contadino di Antigua torna la prima domenica di giugno"},"content":{"rendered":"<div class=\"elementor-widget-container\">\n<p><strong>Il mercato contadino di Antigua torna la prima domenica di giugno<\/strong><\/p>\n<p><strong>&#8211; Domenica 1 giugno, dalle 09:00 alle 14:00, la piazza di Antigua ospiter\u00e0 nuovamente il mercato contadino.<\/strong><\/p>\n<p><strong>&#8211; La parranda Juan Pe\u00f1a incoragger\u00e0 l&#8217;acquisto di prodotti locali, dal pesce essiccato, alle conserve, ai dolci, al pane a lievitazione naturale, alle verdure fresche, agli ortaggi, al mojo, al formaggio, alle spezie e alle piante ornamentali.<\/strong><\/p>\n<p>Il Municipio di Antigua, a cura del Dipartimento dell \u201cAgricoltura, dell\u201d Allevamento e della Pesca, riprende l \u201corganizzazione del Mercato Agricolo nella Plaza de Antigua ogni prima domenica del mese, da giugno fino alla fine dell\u201d estate.<\/p>\n<p>L&#8217;iniziativa promuove e sostiene il consumo di prodotti locali di agricoltori, allevatori, pescatori, pasticceri e panettieri, tra gli altri mestieri, afferma il sindaco, Mat\u00edas Pe\u00f1a Garc\u00eda.<\/p>\n<p>In questo primo Mercato Contadino avremo la compagnia della parranda di Juan Pe\u00f1a, che allestir\u00e0 la scena in una piazza familiare, ideale per completare la dispensa con prodotti freschi e locali, e aggiunge il consigliere della zona, Fernando Estupi\u00f1\u00e1n, come novit\u00e0 tra le bancarelle, avremo un punto vendita di succo di canna da zucchero, schiacciando allo stesso tempo la canna da zucchero da cui si ottiene una bevanda cos\u00ec particolare.<\/p>\n<p>Il Municipio di Antigua, dal Dipartimento dell&#8217;Agricoltura, dell&#8217;Allevamento e della Pesca, mette a disposizione dei produttori locali uno spazio gratuito e l&#8217;allestimento di uno stand, per garantire loro comfort e ombra nella piazza al mattino.<\/p>\n<p>Per i residenti e i produttori locali \u00e8 un \u201cottima notizia la ripresa del mercato contadino, che si terr\u00e0 ogni prima domenica del mese fino a dopo l\u201d estate, conclude l \u201cassessore, nello spirito di mantenerlo fino alla fine dell\u201d anno in base al budget e alla disponibilit\u00e0 dei produttori stessi.<\/p>\n<\/div>\n","protected":false},"excerpt":{"rendered":"<p><strong>Il mercato contadino di Antigua torna la prima domenica di giugno<\/strong><\/p>\n","protected":false},"author":1,"featured_media":4639,"comment_status":"open","ping_status":"open","sticky":false,"template":"","format":"standard","meta":{"inline_featured_image":false,"jnews-multi-image_gallery":[],"jnews_single_post":[],"jnews_primary_category":[],"jnews_social_meta":[],"jnews_override_counter":[],"jnews_post_split":[],"footnotes":""},"categories":[282],"tags":[],"class_list":["post-4642","post","type-post","status-publish","format-standard","has-post-thumbnail","hentry","category-antigua-it"],"jetpack_featured_media_url":"https:\/\/informacionlocal.es\/wp-content\/uploads\/2025\/05\/imagen-de-whatsapp-2025-05-26-a-las-07-58-58_49e088ea-1.jpg","_links":{"self":[{"href":"https:\/\/informacionlocal.es\/it\/wp-json\/wp\/v2\/posts\/4642","targetHints":{"allow":["GET"]}}],"collection":[{"href":"https:\/\/informacionlocal.es\/it\/wp-json\/wp\/v2\/posts"}],"about":[{"href":"https:\/\/informacionlocal.es\/it\/wp-json\/wp\/v2\/types\/post"}],"author":[{"embeddable":true,"href":"https:\/\/informacionlocal.es\/it\/wp-json\/wp\/v2\/users\/1"}],"replies":[{"embeddable":true,"href":"https:\/\/informacionlocal.es\/it\/wp-json\/wp\/v2\/comments?post=4642"}],"version-history":[{"count":0,"href":"https:\/\/informacionlocal.es\/it\/wp-json\/wp\/v2\/posts\/4642\/revisions"}],"wp:featuredmedia":[{"embeddable":true,"href":"https:\/\/informacionlocal.es\/it\/wp-json\/wp\/v2\/media\/4639"}],"wp:attachment":[{"href":"https:\/\/informacionlocal.es\/it\/wp-json\/wp\/v2\/media?parent=4642"}],"wp:term":[{"taxonomy":"category","embeddable":true,"href":"https:\/\/informacionlocal.es\/it\/wp-json\/wp\/v2\/categories?post=4642"},{"taxonomy":"post_tag","embeddable":true,"href":"https:\/\/informacionlocal.es\/it\/wp-json\/wp\/v2\/tags?post=4642"}],"curies":[{"name":"wp","href":"https:\/\/api.w.org\/{rel}","templated":true}]}}