{"id":4632,"date":"2025-05-29T18:46:29","date_gmt":"2025-05-29T18:46:29","guid":{"rendered":"https:\/\/informacionlocal.es\/mostra-degli-studenti-del-laboratorio-darte-el-piso-nella-casa-della-cultura-di-puerto-del-rosario\/"},"modified":"2025-05-29T18:46:29","modified_gmt":"2025-05-29T18:46:29","slug":"mostra-degli-studenti-del-laboratorio-darte-el-piso-nella-casa-della-cultura-di-puerto-del-rosario","status":"publish","type":"post","link":"https:\/\/informacionlocal.es\/it\/mostra-degli-studenti-del-laboratorio-darte-el-piso-nella-casa-della-cultura-di-puerto-del-rosario\/","title":{"rendered":"Mostra degli studenti del Laboratorio d&#8217;arte &#8220;EL PISO&#8221; nella Casa della Cultura di Puerto del Rosario."},"content":{"rendered":"<div class=\"entry-content\">\n<p>Nel pomeriggio di gioved\u00ec 29 maggio, presso la Casa della Cultura, si \u00e8 tenuta l \u201cinaugurazione della mostra degli studenti del Laboratorio d\u201d Arte \u201cEL PISO\u201d.<\/p>\n<p>Per il <strong>sindaco, David de Vera,<\/strong> &#8220;\u00e8 sempre una soddisfazione vedere come generazioni diverse si uniscono, attraverso l \u2018arte, con queste mostre, dove attraverso il disegno e l\u2019 artigianato si pu\u00f2 godere del talento di persone di tutte le et\u00e0&#8221;.<\/p>\n<p>L&#8217;<strong>assessore alla Cultura, Juan Manuel Verdugo<\/strong>, si \u00e8 congratulato con Inma e Pe\u00f1ita &#8220;per il lavoro svolto in tanti anni, formando studenti di varie et\u00e0 e offrendo questa mostra nella Casa della Cultura, che \u00e8 sempre aperta a diversi gruppi di artisti&#8221;.<\/p>\n<p><strong>Inma e Pe\u00f1ita del Laboratorio d &#8220;Arte \u2018El Piso\u2019 hanno<\/strong> ringraziato i loro numerosi studenti per aver partecipato e per continuare a imparare e migliorare il loro talento attraverso l&#8221; arte in questa fantastica e variegata mostra.<\/p>\n<p>Qui si possono ammirare le opere realizzate da bambini, giovani e adulti, guidati dagli insegnamenti di Inma Medina e Pe\u00f1ita Guti\u00e9rrez, madre e figlia, entrambe laureate in Belle Arti. Due generazioni di artisti di Maiorca, dediti alla formazione artistica, che da oltre 35 anni trasmettono le loro conoscenze in questo spazio tra madre e figlia. Innumerevoli persone, giovani e meno giovani, sono passate dal loro laboratorio \u201cper imparare a dipingere&#8230;. a disegnare&#8230;.\u201d. Hanno visto crescere tanti piccoli e, come risultato di questo lavoro, l \u201camore per l\u201d arte ha portato molti dei loro studenti a dedicare la loro vita a questo mondo appassionato, creando un bacino di giovani artisti-creatori sulla nostra isola.   <\/p>\n<p>Per loro, questo spazio non \u00e8 concepito solo come uno spazio per la conoscenza della materia in s\u00e9, ma anche come un luogo in cui relazionarsi e svilupparsi come persone, facendo dell&#8217;arte uno strumento per apprendere altri valori. Le opere che compongono questa mostra sono realizzate da bambini, giovani e adulti, di et\u00e0 compresa tra i 5 e i 50 anni. Coprono discipline come la pittura, il disegno, la scultura, il collage&#8230;. lavorate con tecniche diverse come acrilici, oli, acquerelli, tempere, inchiostri, matite, carboncino, cera, pennarelli, argilla, gesso, cartapesta, ecc&#8230; Questi piccoli e grandi creatori ci immergono nei loro universi, ognuno con le proprie preoccupazioni, modi di fare e di esprimere. Le loro opere sono parte del loro essere, della loro conoscenza di s\u00e9 e della loro evoluzione.    <\/p>\n<p><strong>La mostra \u00e8 visitabile dal 29 maggio al 13 giugno.  <\/strong><\/p>\n<p><strong>Dal luned\u00ec al venerd\u00ec, dalle 10.00 alle 13.00 e dalle 17.00 alle 20.00.<\/strong><\/p>\n<p><strong>Casa della Cultura. C\/ Ramiro de Maeztu,2.   <\/strong><\/p>\n<p><strong>Davanti alla Biblioteca Comunale.<\/strong><\/p>\n<\/div>\n","protected":false},"excerpt":{"rendered":"<p>Nel pomeriggio di gioved\u00ec 29 maggio, presso la Casa della Cultura, si \u00e8 tenuta l \u201cinaugurazione della mostra degli studenti del Laboratorio d\u201d Arte \u201cEL PISO\u201d. Per il sindaco, David [&hellip;]<\/p>\n","protected":false},"author":1,"featured_media":4627,"comment_status":"open","ping_status":"open","sticky":false,"template":"","format":"standard","meta":{"inline_featured_image":false,"jnews-multi-image_gallery":[],"jnews_single_post":[],"jnews_primary_category":[],"jnews_social_meta":[],"jnews_override_counter":[],"jnews_post_split":[],"footnotes":""},"categories":[295],"tags":[309],"class_list":["post-4632","post","type-post","status-publish","format-standard","has-post-thumbnail","hentry","category-puerto-del-rosario-it","tag-educacion-it"],"jetpack_featured_media_url":"https:\/\/informacionlocal.es\/wp-content\/uploads\/2025\/05\/el-piso-0525-22-publico-2.jpg","_links":{"self":[{"href":"https:\/\/informacionlocal.es\/it\/wp-json\/wp\/v2\/posts\/4632","targetHints":{"allow":["GET"]}}],"collection":[{"href":"https:\/\/informacionlocal.es\/it\/wp-json\/wp\/v2\/posts"}],"about":[{"href":"https:\/\/informacionlocal.es\/it\/wp-json\/wp\/v2\/types\/post"}],"author":[{"embeddable":true,"href":"https:\/\/informacionlocal.es\/it\/wp-json\/wp\/v2\/users\/1"}],"replies":[{"embeddable":true,"href":"https:\/\/informacionlocal.es\/it\/wp-json\/wp\/v2\/comments?post=4632"}],"version-history":[{"count":0,"href":"https:\/\/informacionlocal.es\/it\/wp-json\/wp\/v2\/posts\/4632\/revisions"}],"wp:featuredmedia":[{"embeddable":true,"href":"https:\/\/informacionlocal.es\/it\/wp-json\/wp\/v2\/media\/4627"}],"wp:attachment":[{"href":"https:\/\/informacionlocal.es\/it\/wp-json\/wp\/v2\/media?parent=4632"}],"wp:term":[{"taxonomy":"category","embeddable":true,"href":"https:\/\/informacionlocal.es\/it\/wp-json\/wp\/v2\/categories?post=4632"},{"taxonomy":"post_tag","embeddable":true,"href":"https:\/\/informacionlocal.es\/it\/wp-json\/wp\/v2\/tags?post=4632"}],"curies":[{"name":"wp","href":"https:\/\/api.w.org\/{rel}","templated":true}]}}