{"id":4620,"date":"2025-05-29T15:35:47","date_gmt":"2025-05-29T15:35:47","guid":{"rendered":"https:\/\/informacionlocal.es\/puerto-del-rosario-attiva-i-fornelli-con-la-6a-rotta-delle-tapas-sapore-talento-locale-e-dinamizzazione-commerciale-dal-3-al-12-luglio-2025\/"},"modified":"2025-05-29T15:35:47","modified_gmt":"2025-05-29T15:35:47","slug":"puerto-del-rosario-attiva-i-fornelli-con-la-6a-rotta-delle-tapas-sapore-talento-locale-e-dinamizzazione-commerciale-dal-3-al-12-luglio-2025","status":"publish","type":"post","link":"https:\/\/informacionlocal.es\/it\/puerto-del-rosario-attiva-i-fornelli-con-la-6a-rotta-delle-tapas-sapore-talento-locale-e-dinamizzazione-commerciale-dal-3-al-12-luglio-2025\/","title":{"rendered":"Puerto del Rosario attiva i fornelli con la 6\u00aa Rotta delle Tapas: sapore, talento locale e dinamizzazione commerciale dal 3 al 12 luglio 2025"},"content":{"rendered":"<div class=\"entry-content\">\n<p>Il Comune di Puerto del Rosario, attraverso l&#8217;Assessorato al Commercio, annuncia con entusiasmo il lancio di una nuova edizione di uno dei suoi eventi pi\u00f9 emblematici e attesi: la <strong>6\u00aa Rotta delle Tapas<\/strong>, che si terr\u00e0 dal <strong>3 al 12 luglio 2025<\/strong>.<\/p>\n<p>L&#8217;iniziativa, gi\u00e0 consolidata nel calendario gastronomico e sociale del comune, mira a <strong>valorizzare i talenti culinari locali<\/strong>, a incentivare l&#8217;attivit\u00e0 di bar e ristoranti e a <strong>promuovere l&#8217;uso di prodotti locali<\/strong> come segno distintivo della cucina Majorero.<\/p>\n<p>Da gioved\u00ec 29 maggio \u00e8 ufficialmente <strong>aperto il periodo di registrazione<\/strong> per tutti gli esercizi di ristorazione del comune che desiderano partecipare. Il periodo rimarr\u00e0 aperto fino al <strong>9 giugno<\/strong> e i termini e le condizioni possono essere consultati sul sito ufficiale dell&#8217;evento: www.tapasfuerteventura.com. <\/p>\n<p>Con un formato <strong>accessibile e popolare<\/strong> &#8211; tapa pi\u00f9 bevanda a soli <strong>3,50 euro &#8211;<\/strong>, la Rotta delle Tapas si presenta come un&#8217;opportunit\u00e0 imbattibile per i professionisti del settore che vogliono <strong>pubblicizzare la propria offerta gastronomica<\/strong>, fidelizzare i clienti e optare per <strong>interessanti premi economici<\/strong>, cos\u00ec distribuiti:<\/p>\n<ul>\n<li><strong>Coperchio in platino<\/strong>: 1.000 euro<\/li>\n<li><strong>Cappello d&#8217;oro<\/strong>: 750 euro<\/li>\n<li><strong>Cappello d&#8217;argento<\/strong>: 500 euro<\/li>\n<li><strong>Cappello di bronzo<\/strong>: 250 euro<\/li>\n<\/ul>\n<p>Una delle grandi caratteristiche dell&#8217;evento \u00e8 la sua natura partecipativa: sar\u00e0 il <strong>pubblico a scegliere i sette finalisti<\/strong>, attraverso un sistema di votazione diretta che avverr\u00e0 dopo la degustazione delle tapas. Affinch\u00e9 il voto sia valido, i partecipanti dovranno compilare correttamente la <strong>scheda di valutazione<\/strong> e depositarla nelle urne ufficiali situate nei seguenti punti: <\/p>\n<ul>\n<li><strong>Ufficio di consulenza del cittadino (<\/strong> dal luned\u00ec al venerd\u00ec, dalle 08:00 alle 14:00)<\/li>\n<li><strong>Ufficio informazioni turistiche sul viale del mare <\/strong>(dal luned\u00ec al venerd\u00ec, dalle 09:00 alle 18:00; il sabato dalle 10:00 alle 13:00).<\/li>\n<\/ul>\n<p>I votanti parteciperanno anche a un \u201c<strong>estrazione di premi esclusivi<\/strong>, come ulteriore incentivo per la loro partecipazione attiva all\u201d evento.<\/p>\n<p>Il sindaco della capitale, <strong>David de Vera<\/strong>, ha sottolineato il valore dell&#8217;iniziativa: &#8220;da parte del Comune continuiamo a sostenere le iniziative che rafforzano il nostro tessuto imprenditoriale, promuovono il consumo locale e creano luoghi di incontro per residenti e visitatori. La Via delle Tapas rappresenta il perfetto equilibrio tra sviluppo economico, identit\u00e0 culturale e divertimento dei cittadini&#8221;.<\/p>\n<p>Da parte sua, l&#8217;assessore al Commercio, <strong>Tacoremi Guti\u00e9rrez<\/strong>, ha sottolineato che &#8220;la Rotta delle Tapas non \u00e8 solo un tour gastronomico: \u00e8 un omaggio agli sforzi quotidiani dei nostri cuochi e imprenditori, una piattaforma per dare visibilit\u00e0 ai prodotti locali e un motore per la dinamizzazione economica delle piccole imprese. Incoraggiamo tutti i locali a partecipare a questa esperienza, che cresce in qualit\u00e0 e partecipazione anno dopo anno&#8221;.<\/p>\n<p>Gli interessati possono iscriversi compilando il modulo di registrazione sul sito web dell&#8217;evento o contattare direttamente l&#8217;organizzazione via <strong>WhatsApp al numero 620 946 612<\/strong> o via e-mail all&#8217;indirizzo <strong>rutadelastapasdefuerteventura@gmail.com.<\/strong><\/p>\n<p><strong>Puerto del Rosario vi invita a gustare il meglio della sua cucina, iscrivetevi e partecipate alla Ruta del sabor! <\/strong><\/p>\n<\/div>\n","protected":false},"excerpt":{"rendered":"<p>Il Comune di Puerto del Rosario, attraverso l&#8217;Assessorato al Commercio, annuncia con entusiasmo il lancio di una nuova edizione di uno dei suoi eventi pi\u00f9 emblematici e attesi: la 6\u00aa [&hellip;]<\/p>\n","protected":false},"author":1,"featured_media":4615,"comment_status":"open","ping_status":"open","sticky":false,"template":"","format":"standard","meta":{"inline_featured_image":false,"jnews-multi-image_gallery":[],"jnews_single_post":[],"jnews_primary_category":[],"jnews_social_meta":[],"jnews_override_counter":[],"jnews_post_split":[],"footnotes":""},"categories":[295],"tags":[308,223],"class_list":["post-4620","post","type-post","status-publish","format-standard","has-post-thumbnail","hentry","category-puerto-del-rosario-it","tag-eventos-it","tag-fuerteventura-it"],"jetpack_featured_media_url":"https:\/\/informacionlocal.es\/wp-content\/uploads\/2025\/05\/tapas-titu-cabra-con-tapa.jpg","_links":{"self":[{"href":"https:\/\/informacionlocal.es\/it\/wp-json\/wp\/v2\/posts\/4620","targetHints":{"allow":["GET"]}}],"collection":[{"href":"https:\/\/informacionlocal.es\/it\/wp-json\/wp\/v2\/posts"}],"about":[{"href":"https:\/\/informacionlocal.es\/it\/wp-json\/wp\/v2\/types\/post"}],"author":[{"embeddable":true,"href":"https:\/\/informacionlocal.es\/it\/wp-json\/wp\/v2\/users\/1"}],"replies":[{"embeddable":true,"href":"https:\/\/informacionlocal.es\/it\/wp-json\/wp\/v2\/comments?post=4620"}],"version-history":[{"count":0,"href":"https:\/\/informacionlocal.es\/it\/wp-json\/wp\/v2\/posts\/4620\/revisions"}],"wp:featuredmedia":[{"embeddable":true,"href":"https:\/\/informacionlocal.es\/it\/wp-json\/wp\/v2\/media\/4615"}],"wp:attachment":[{"href":"https:\/\/informacionlocal.es\/it\/wp-json\/wp\/v2\/media?parent=4620"}],"wp:term":[{"taxonomy":"category","embeddable":true,"href":"https:\/\/informacionlocal.es\/it\/wp-json\/wp\/v2\/categories?post=4620"},{"taxonomy":"post_tag","embeddable":true,"href":"https:\/\/informacionlocal.es\/it\/wp-json\/wp\/v2\/tags?post=4620"}],"curies":[{"name":"wp","href":"https:\/\/api.w.org\/{rel}","templated":true}]}}