{"id":4606,"date":"2025-05-29T15:29:48","date_gmt":"2025-05-29T15:29:48","guid":{"rendered":"https:\/\/informacionlocal.es\/il-comune-di-puerto-del-rosario-garantisce-la-continuita-dei-servizi-di-assistenza-all-infanzia-e-alla-famiglia-dopo-la-cessazione-della-convenzione-con-l-infacam\/"},"modified":"2025-05-29T15:29:48","modified_gmt":"2025-05-29T15:29:48","slug":"il-comune-di-puerto-del-rosario-garantisce-la-continuita-dei-servizi-di-assistenza-all-infanzia-e-alla-famiglia-dopo-la-cessazione-della-convenzione-con-l-infacam","status":"publish","type":"post","link":"https:\/\/informacionlocal.es\/it\/il-comune-di-puerto-del-rosario-garantisce-la-continuita-dei-servizi-di-assistenza-all-infanzia-e-alla-famiglia-dopo-la-cessazione-della-convenzione-con-l-infacam\/","title":{"rendered":"Il Comune di Puerto del Rosario garantisce la continuit\u00e0 dei servizi di assistenza all \u201cinfanzia e alla famiglia dopo la cessazione della convenzione con l\u201d INFACAM."},"content":{"rendered":"<div class=\"entry-content\">\n<p>Alla luce del comunicato emesso dalla Fondazione Centro Famiglia in relazione alla fine dell \u201caccordo per la fornitura di servizi di assistenza all\u201d infanzia e di supporto psicosociale, il Comune di Puerto del Rosario desidera inviare un <strong>messaggio di rassicurazione alle famiglie utenti<\/strong>, in particolare a quelle con bambini affidati.<\/p>\n<p>Negli ultimi anni, il Comune ha mantenuto una collaborazione con l &#8220;ente <strong>INFACAM<\/strong> attraverso una convenzione che comprendeva due servizi essenziali: <strong>il Centro diurno per bambini, adolescenti e famiglie \u2018Lluvia\u2019 e il Servizio di sostegno psicosociale.<\/strong> La convenzione, in vigore dal 1\u00b0 settembre 2020 al 31 agosto 2023, \u00e8 stata prorogata per un ulteriore anno. Al termine di questa proroga, la continuit\u00e0 dei servizi ha dovuto essere regolata attraverso procedure di gara pubbliche, in conformit\u00e0 con la normativa vigente e con le indicazioni dell&#8221; ufficio legale comunale, non essendo possibili ulteriori proroghe del contratto. <\/p>\n<p><strong>Transizione ordinata e servizi garantiti<\/strong><\/p>\n<p>A questo proposito, il sindaco di Puerto del Rosario, David de Vera, ha sottolineato che <em>&#8220;lungi dall&#8217;eliminare i servizi, il Comune ha lavorato per garantirne la continuit\u00e0 con tutte le garanzie legali e di qualit\u00e0&#8221;.<\/em> Ne \u00e8 prova il fatto che il dossier di appalto per la <strong>gestione del centro diurno &#8220;Lluvia&#8221;<\/strong> \u00e8 stato aperto il 10 ottobre 2024 e aggiudicato alla Fondazione SAMU il 13 gennaio 2025. Attualmente il centro \u00e8 ancora in funzione e fornisce assistenza ai minori e alle loro famiglie come di consueto.  <\/p>\n<p>Per quanto riguarda il <strong>Servizio di supporto psicosociale<\/strong>, la procedura di gara \u00e8 iniziata il 20 novembre 2024 e le relative offerte sono gi\u00e0 state ricevute. La commissione aggiudicatrice si riunir\u00e0 mercoled\u00ec 4 maggio per definire la procedura di aggiudicazione. <\/p>\n<p>Mentre si svolge la procedura di appalto ordinaria, il Comune copre il servizio attraverso contratti minori, come stabilito dalla Legge sugli appalti pubblici e dalle istruzioni interne del Consiglio.  <strong>Non ci sono state interruzioni significative nell&#8217;assistenza alle famiglie.<\/strong><\/p>\n<p><strong>Impegno istituzionale per i bambini e le famiglie<\/strong><\/p>\n<p>Il Comune di Puerto del Rosario ribadisce il proprio impegno per la tutela dell \u201cinfanzia, dell\u201d adolescenza e del benessere familiare, nonch\u00e9 per la trasparenza e il corretto utilizzo delle risorse pubbliche.<\/p>\n<p>Per dirla con le parole del sindaco, <em>&#8220;comprendiamo la preoccupazione che un cambio di soggetto gestore pu\u00f2 generare, ma chiediamo alle famiglie di avere fiducia nel fatto che il Comune ha sempre agito con l&#8217;obiettivo di garantire la continuit\u00e0, la qualit\u00e0 e la legalit\u00e0 di questi delicati servizi&#8221;.<\/em><\/p>\n<p>Il Comune continuer\u00e0 a tenerci informati sull \u201candamento amministrativo e sull\u201d assegnazione definitiva del servizio di sostegno psicosociale e desideriamo ringraziare tutte le organizzazioni che hanno collaborato alla fornitura di queste risorse nel corso degli anni.<\/p>\n<\/p>\n<\/div>\n","protected":false},"excerpt":{"rendered":"<p>Alla luce del comunicato emesso dalla Fondazione Centro Famiglia in relazione alla fine dell \u201caccordo per la fornitura di servizi di assistenza all\u201d infanzia e di supporto psicosociale, il Comune [&hellip;]<\/p>\n","protected":false},"author":1,"featured_media":4603,"comment_status":"open","ping_status":"open","sticky":false,"template":"","format":"standard","meta":{"inline_featured_image":false,"jnews-multi-image_gallery":[],"jnews_single_post":[],"jnews_primary_category":[],"jnews_social_meta":[],"jnews_override_counter":[],"jnews_post_split":[],"footnotes":""},"categories":[295],"tags":[],"class_list":["post-4606","post","type-post","status-publish","format-standard","has-post-thumbnail","hentry","category-puerto-del-rosario-it"],"jetpack_featured_media_url":"https:\/\/informacionlocal.es\/wp-content\/uploads\/2025\/05\/fachada-infacam-ayuntamiento-2.jpg","_links":{"self":[{"href":"https:\/\/informacionlocal.es\/it\/wp-json\/wp\/v2\/posts\/4606","targetHints":{"allow":["GET"]}}],"collection":[{"href":"https:\/\/informacionlocal.es\/it\/wp-json\/wp\/v2\/posts"}],"about":[{"href":"https:\/\/informacionlocal.es\/it\/wp-json\/wp\/v2\/types\/post"}],"author":[{"embeddable":true,"href":"https:\/\/informacionlocal.es\/it\/wp-json\/wp\/v2\/users\/1"}],"replies":[{"embeddable":true,"href":"https:\/\/informacionlocal.es\/it\/wp-json\/wp\/v2\/comments?post=4606"}],"version-history":[{"count":0,"href":"https:\/\/informacionlocal.es\/it\/wp-json\/wp\/v2\/posts\/4606\/revisions"}],"wp:featuredmedia":[{"embeddable":true,"href":"https:\/\/informacionlocal.es\/it\/wp-json\/wp\/v2\/media\/4603"}],"wp:attachment":[{"href":"https:\/\/informacionlocal.es\/it\/wp-json\/wp\/v2\/media?parent=4606"}],"wp:term":[{"taxonomy":"category","embeddable":true,"href":"https:\/\/informacionlocal.es\/it\/wp-json\/wp\/v2\/categories?post=4606"},{"taxonomy":"post_tag","embeddable":true,"href":"https:\/\/informacionlocal.es\/it\/wp-json\/wp\/v2\/tags?post=4606"}],"curies":[{"name":"wp","href":"https:\/\/api.w.org\/{rel}","templated":true}]}}