{"id":4592,"date":"2025-05-29T15:28:07","date_gmt":"2025-05-29T15:28:07","guid":{"rendered":"https:\/\/informacionlocal.es\/il-dipartimento-della-gioventu-promuove-laboratori-creativi-per-la-giornata-delle-isole-canarie-con-la-partecipazione-dei-giovani-di-costa-calma-e-morro-jable\/"},"modified":"2025-05-29T15:28:07","modified_gmt":"2025-05-29T15:28:07","slug":"il-dipartimento-della-gioventu-promuove-laboratori-creativi-per-la-giornata-delle-isole-canarie-con-la-partecipazione-dei-giovani-di-costa-calma-e-morro-jable","status":"publish","type":"post","link":"https:\/\/informacionlocal.es\/it\/il-dipartimento-della-gioventu-promuove-laboratori-creativi-per-la-giornata-delle-isole-canarie-con-la-partecipazione-dei-giovani-di-costa-calma-e-morro-jable\/","title":{"rendered":"Il Dipartimento della Giovent\u00f9 promuove laboratori creativi per la Giornata delle Isole Canarie con la partecipazione dei giovani di Costa Calma e Morro Jable."},"content":{"rendered":"<div class=\"entry-content\">\n<p><b><i>Pi\u00f9 di 60 ragazzi e ragazze hanno partecipato all \u201ciniziativa dell\u201d area del Municipio di P\u00e1jara, realizzando murales, graffiti e braccialetti.  <\/i><\/b><\/p>\n<p><span>Il Dipartimento della Giovent\u00f9 del Municipio di P\u00e1jara ha celebrato la Giornata delle Isole Canarie con una serie di laboratori rivolti ai giovani di Costa Calma e Morro Jable, ai quali hanno partecipato pi\u00f9 di 60 ragazzi e ragazze della zona. Durante le attivit\u00e0, hanno potuto disegnare murales, creare graffiti tradizionali e realizzare braccialetti, in un ambiente partecipativo che ha messo in risalto l \u201cidentit\u00e0 e le tradizioni dell\u201d arcipelago.   <\/span><\/p>\n<p><span>L&#8217;assessore alla Giovent\u00f9, Juan Jos\u00e9 Viera, sottolinea il coinvolgimento dei giovani nello sviluppo di queste attivit\u00e0. &#8220;Uno degli obiettivi principali di questa iniziativa era quello di integrarli nelle celebrazioni della Giornata delle Canarie e di farli sentire parte attiva della commemorazione della nostra cultura&#8221;, afferma. <\/span><\/p>\n<p><span>Sottolinea inoltre che &#8220;\u00e8 essenziale che il Concistoro continui a promuovere attivit\u00e0 legate alle nostre radici, non solo in date particolari, ma durante tutto l&#8217;anno. Iniziative come questa aiutano a rafforzare i legami tra i giovani e il loro ambiente&#8221;, aggiunge.  <\/span><\/p>\n<p><span>La giornata si \u00e8 svolta in un&#8217;atmosfera dinamica e partecipativa, rendendo evidente l&#8217;impegno dell&#8217;area Giovani a promuovere iniziative che rispondano agli interessi e ai talenti delle nuove generazioni.  <\/span><\/p>\n<\/div>\n","protected":false},"excerpt":{"rendered":"<p><i>Pi\u00f9 di 60 ragazzi e ragazze hanno partecipato all \u201ciniziativa dell\u201d area del Municipio di P\u00e1jara, realizzando murales, graffiti e braccialetti.  <\/i><\/p>\n","protected":false},"author":1,"featured_media":4591,"comment_status":"open","ping_status":"open","sticky":false,"template":"","format":"standard","meta":{"inline_featured_image":false,"jnews-multi-image_gallery":[],"jnews_single_post":[],"jnews_primary_category":[],"jnews_social_meta":[],"jnews_override_counter":[],"jnews_post_split":[],"footnotes":""},"categories":[298],"tags":[],"class_list":["post-4592","post","type-post","status-publish","format-standard","has-post-thumbnail","hentry","category-pajara-it"],"jetpack_featured_media_url":"https:\/\/informacionlocal.es\/wp-content\/uploads\/2025\/05\/concejalia-de-juventud.jpeg","_links":{"self":[{"href":"https:\/\/informacionlocal.es\/it\/wp-json\/wp\/v2\/posts\/4592","targetHints":{"allow":["GET"]}}],"collection":[{"href":"https:\/\/informacionlocal.es\/it\/wp-json\/wp\/v2\/posts"}],"about":[{"href":"https:\/\/informacionlocal.es\/it\/wp-json\/wp\/v2\/types\/post"}],"author":[{"embeddable":true,"href":"https:\/\/informacionlocal.es\/it\/wp-json\/wp\/v2\/users\/1"}],"replies":[{"embeddable":true,"href":"https:\/\/informacionlocal.es\/it\/wp-json\/wp\/v2\/comments?post=4592"}],"version-history":[{"count":0,"href":"https:\/\/informacionlocal.es\/it\/wp-json\/wp\/v2\/posts\/4592\/revisions"}],"wp:featuredmedia":[{"embeddable":true,"href":"https:\/\/informacionlocal.es\/it\/wp-json\/wp\/v2\/media\/4591"}],"wp:attachment":[{"href":"https:\/\/informacionlocal.es\/it\/wp-json\/wp\/v2\/media?parent=4592"}],"wp:term":[{"taxonomy":"category","embeddable":true,"href":"https:\/\/informacionlocal.es\/it\/wp-json\/wp\/v2\/categories?post=4592"},{"taxonomy":"post_tag","embeddable":true,"href":"https:\/\/informacionlocal.es\/it\/wp-json\/wp\/v2\/tags?post=4592"}],"curies":[{"name":"wp","href":"https:\/\/api.w.org\/{rel}","templated":true}]}}