{"id":4581,"date":"2025-05-29T14:45:08","date_gmt":"2025-05-29T14:45:08","guid":{"rendered":"https:\/\/informacionlocal.es\/il-comune-di-pajara-e-l-associazione-motociclisti-di-fuerteventura-presentano-il-xii-anniversario-del-raduno-di-motociclisti-sull-isola\/"},"modified":"2025-05-29T14:45:08","modified_gmt":"2025-05-29T14:45:08","slug":"il-comune-di-pajara-e-l-associazione-motociclisti-di-fuerteventura-presentano-il-xii-anniversario-del-raduno-di-motociclisti-sull-isola","status":"publish","type":"post","link":"https:\/\/informacionlocal.es\/it\/il-comune-di-pajara-e-l-associazione-motociclisti-di-fuerteventura-presentano-il-xii-anniversario-del-raduno-di-motociclisti-sull-isola\/","title":{"rendered":"Il Comune di P\u00e1jara e l \u201cAssociazione Motociclisti di Fuerteventura presentano il XII anniversario del raduno di motociclisti sull\u201d isola."},"content":{"rendered":"<div class=\"entry-content\">\n<p><b><i>Dal 6 all \u201c8 giugno, motociclisti provenienti da tutte le Isole Canarie si riuniranno nel sud dell\u201d isola per celebrare la nuova edizione di questo evento.  <\/i><\/b><\/p>\n<p><span>Il Comune di P\u00e1jara, attraverso l \u201cAssessorato allo Sport, e l\u201d Associazione Motociclisti di Fuerteventura hanno presentato il XII Anniversario dei Moteros de Fuerteventura, in una cerimonia tenutasi oggi presso l \u201cHotel Occidental Jand\u00eda Playa. La manifestazione, che si svolger\u00e0 dal 6 all\u201d 8 giugno, si \u00e8 affermata come uno degli eventi pi\u00f9 importanti del calendario motociclistico delle Canarie, riunendo appassionati da tutte le isole. <\/span><\/p>\n<p><span>All&#8217;evento hanno partecipato il sindaco di P\u00e1jara, Alejandro Jorge, l&#8217;assessore allo Sport, Jos\u00e9 Benito Alonso, l&#8217;assessore alla Sicurezza e all&#8217;Emergenza, Raimundo Dacosta, e altri rappresentanti del Concistoro. Hanno partecipato anche il presidente dell&#8217;Associazione dei motociclisti, Rub\u00e9n Carnicer, e il direttore dell&#8217;hotel in cui si \u00e8 svolto l&#8217;evento, Tom\u00e1s de Vera. <\/span><\/p>\n<p><span>Tutti i relatori sono stati concordi nel sottolineare l \u201cimportante lavoro svolto dall\u201d associazione, che \u00e8 riuscita a consolidare, dopo dodici anni di esistenza, un raduno che ha travalicato l \u201cisola per diventare un punto di riferimento per i motociclisti di tutto l\u201d arcipelago.  <\/span><\/p>\n<p><span>Il programma di attivit\u00e0 prende il via venerd\u00ec 6 giugno alle 19:00 con un giro in moto seguito da uno spuntino. Alle 21:00, la giornata inaugurale si chiuder\u00e0 con un concerto del gruppo Siroko e una sessione di DJ.   <\/span><\/p>\n<p><span>Sabato 7 giugno si proseguir\u00e0 con un nuovo percorso a partire dalle ore 10:00, che prevede una merenda e un pranzo. La sera, dalle 21.30, i partecipanti potranno assistere ai concerti di Taknara, Maldita EGB e The Papas and The Mojo. La giornata prevede anche la consegna di premi e sorprese per i partecipanti.    <\/span><\/p>\n<p><span>Il XII Anniversario di Moteros de Fuerteventura si saluter\u00e0 domenica 8 giugno con un ultimo percorso di addio a partire dalle 11:30, seguito da una merenda per tutti i partecipanti.  <\/span><\/p>\n<p><span>Il Comune di P\u00e1jara, insieme all&#8217;Associazione Fuerteventura Bikers, invita tutti i cittadini a partecipare a questa nuova edizione e a godersi un weekend ricco di percorsi, buona compagnia e musica dal vivo.<\/span><\/p>\n<\/div>\n","protected":false},"excerpt":{"rendered":"<p><i>Dal 6 all \u201c8 giugno, motociclisti provenienti da tutte le Isole Canarie si riuniranno nel sud dell\u201d isola per celebrare la nuova edizione di questo evento.  <\/i><\/p>\n","protected":false},"author":1,"featured_media":4579,"comment_status":"open","ping_status":"open","sticky":false,"template":"","format":"standard","meta":{"inline_featured_image":false,"jnews-multi-image_gallery":[],"jnews_single_post":[],"jnews_primary_category":[],"jnews_social_meta":[],"jnews_override_counter":[],"jnews_post_split":[],"footnotes":""},"categories":[298],"tags":[223],"class_list":["post-4581","post","type-post","status-publish","format-standard","has-post-thumbnail","hentry","category-pajara-it","tag-fuerteventura-it"],"jetpack_featured_media_url":"https:\/\/informacionlocal.es\/wp-content\/uploads\/2025\/05\/xii-aniversario-moteros-de-fuerteventura-e1748528493230.jpeg","_links":{"self":[{"href":"https:\/\/informacionlocal.es\/it\/wp-json\/wp\/v2\/posts\/4581","targetHints":{"allow":["GET"]}}],"collection":[{"href":"https:\/\/informacionlocal.es\/it\/wp-json\/wp\/v2\/posts"}],"about":[{"href":"https:\/\/informacionlocal.es\/it\/wp-json\/wp\/v2\/types\/post"}],"author":[{"embeddable":true,"href":"https:\/\/informacionlocal.es\/it\/wp-json\/wp\/v2\/users\/1"}],"replies":[{"embeddable":true,"href":"https:\/\/informacionlocal.es\/it\/wp-json\/wp\/v2\/comments?post=4581"}],"version-history":[{"count":0,"href":"https:\/\/informacionlocal.es\/it\/wp-json\/wp\/v2\/posts\/4581\/revisions"}],"wp:featuredmedia":[{"embeddable":true,"href":"https:\/\/informacionlocal.es\/it\/wp-json\/wp\/v2\/media\/4579"}],"wp:attachment":[{"href":"https:\/\/informacionlocal.es\/it\/wp-json\/wp\/v2\/media?parent=4581"}],"wp:term":[{"taxonomy":"category","embeddable":true,"href":"https:\/\/informacionlocal.es\/it\/wp-json\/wp\/v2\/categories?post=4581"},{"taxonomy":"post_tag","embeddable":true,"href":"https:\/\/informacionlocal.es\/it\/wp-json\/wp\/v2\/tags?post=4581"}],"curies":[{"name":"wp","href":"https:\/\/api.w.org\/{rel}","templated":true}]}}