{"id":4570,"date":"2025-05-29T13:03:10","date_gmt":"2025-05-29T13:03:10","guid":{"rendered":"https:\/\/informacionlocal.es\/antigua-si-congratula-con-i-direttori-del-gruppo-ereza-hotelsresorts-per-il-suo-25-anniversario\/"},"modified":"2025-05-29T13:03:10","modified_gmt":"2025-05-29T13:03:10","slug":"antigua-si-congratula-con-i-direttori-del-gruppo-ereza-hotelsresorts-per-il-suo-25-anniversario","status":"publish","type":"post","link":"https:\/\/informacionlocal.es\/it\/antigua-si-congratula-con-i-direttori-del-gruppo-ereza-hotelsresorts-per-il-suo-25-anniversario\/","title":{"rendered":"Antigua si congratula con i direttori del gruppo Ereza Hotels&amp;Resorts per il suo 25\u00b0 anniversario."},"content":{"rendered":"<div class=\"elementor-widget-container\">\n<p><strong>Antigua si congratula con i direttori del gruppo Ereza Hotels&amp;Resorts per il suo 25\u00b0 anniversario.<\/strong><\/p>\n<p><strong>&#8211; Il sindaco Mat\u00edas Pe\u00f1a sottolinea la traiettoria e l&#8217;impegno di Francisco Ufano, sottolineando nel suo discorso che da quando ci siamo conosciuti abbiamo lavorato insieme allo sviluppo e alla modernizzazione della citt\u00e0 turistica di Caleta de Fuste, un partner nel progresso e negli obiettivi di miglioramento.<\/strong><\/p>\n<p>La sera di mercoled\u00ec 28 maggio, l&#8217;Hotel Ereza Mar Fuerteventura, a Caleta de Fuste, ha ospitato la celebrazione del 25\u00b0 anniversario del gruppo alberghiero, presente anche a Lanzarote e con la prospettiva di espandere la propria presenza su altre isole.<\/p>\n<p>Il sindaco di Antigua, Mat\u00edas Pe\u00f1a, in qualit\u00e0 di sindaco ospitante, ha dato il benvenuto ai rappresentanti dell&#8217;hotel e alle autorit\u00e0 presenti, tra cui il sindaco di T\u00edas, Jos\u00e9 Juan Cruz, la presidente del Parlamento delle Canarie, Astrid P\u00e9rez, il vicepresidente del governo delle Canarie, Manuel Dominguez e il vicepresidente del Cabildo di Fuerteventura, Blas Acosta.<\/p>\n<p>I tre amici, soci e imprenditori alberghieri, promotori del gruppo Ereza Hotels&amp;Resorts, Juan Francisco Torres Bravo, Marcial Morales Cabrera e Francisco Manuel Ufano, hanno spiegato con emozione la loro traiettoria e gli alti e bassi lungo il percorso per consolidare infine un gruppo alberghiero, garanzia di qualit\u00e0, buon servizio e impegno per lo sviluppo delle isole.<\/p>\n<p>Mi congratulo con tutti e tre per la loro traiettoria e per questo 25\u00b0 anniversario, ma sottolineo soprattutto Francisco Ufano per avermi toccato da vicino nel Comune di Antigua, ha detto il sindaco Mat\u00edas Pe\u00f1a, scommettendo su un investimento milionario nell \u201cammodernamento dell\u201d hotel che oggi ci ospita, l \u201cEreza Mar Fuerteventura, e con il quale ho potuto lavorare fianco a fianco negli obiettivi e nell\u201d impegno per lo sviluppo della citt\u00e0 turistica di Caleta de Fuste.<\/p>\n<\/p>\n<\/div>\n","protected":false},"excerpt":{"rendered":"<p><strong>Antigua si congratula con i direttori del gruppo Ereza Hotels&amp;Resorts per il suo 25\u00b0 anniversario.<\/strong><\/p>\n","protected":false},"author":1,"featured_media":4567,"comment_status":"open","ping_status":"open","sticky":false,"template":"","format":"standard","meta":{"inline_featured_image":false,"jnews-multi-image_gallery":[],"jnews_single_post":[],"jnews_primary_category":[],"jnews_social_meta":[],"jnews_override_counter":[],"jnews_post_split":[],"footnotes":""},"categories":[282],"tags":[223],"class_list":["post-4570","post","type-post","status-publish","format-standard","has-post-thumbnail","hentry","category-antigua-it","tag-fuerteventura-it"],"jetpack_featured_media_url":"https:\/\/informacionlocal.es\/wp-content\/uploads\/2025\/05\/00-alcalde-matias-pena-y-autoridades-arropan-y-felicitan-el-25-aniversario-ereza-2-scaled-1.jpg","_links":{"self":[{"href":"https:\/\/informacionlocal.es\/it\/wp-json\/wp\/v2\/posts\/4570","targetHints":{"allow":["GET"]}}],"collection":[{"href":"https:\/\/informacionlocal.es\/it\/wp-json\/wp\/v2\/posts"}],"about":[{"href":"https:\/\/informacionlocal.es\/it\/wp-json\/wp\/v2\/types\/post"}],"author":[{"embeddable":true,"href":"https:\/\/informacionlocal.es\/it\/wp-json\/wp\/v2\/users\/1"}],"replies":[{"embeddable":true,"href":"https:\/\/informacionlocal.es\/it\/wp-json\/wp\/v2\/comments?post=4570"}],"version-history":[{"count":0,"href":"https:\/\/informacionlocal.es\/it\/wp-json\/wp\/v2\/posts\/4570\/revisions"}],"wp:featuredmedia":[{"embeddable":true,"href":"https:\/\/informacionlocal.es\/it\/wp-json\/wp\/v2\/media\/4567"}],"wp:attachment":[{"href":"https:\/\/informacionlocal.es\/it\/wp-json\/wp\/v2\/media?parent=4570"}],"wp:term":[{"taxonomy":"category","embeddable":true,"href":"https:\/\/informacionlocal.es\/it\/wp-json\/wp\/v2\/categories?post=4570"},{"taxonomy":"post_tag","embeddable":true,"href":"https:\/\/informacionlocal.es\/it\/wp-json\/wp\/v2\/tags?post=4570"}],"curies":[{"name":"wp","href":"https:\/\/api.w.org\/{rel}","templated":true}]}}