{"id":4558,"date":"2025-05-29T11:40:07","date_gmt":"2025-05-29T11:40:07","guid":{"rendered":"https:\/\/informacionlocal.es\/la-soluzione-del-servizio-di-salvataggio-a-la-oliva-e-sempre-piu-vicina-a-diventare-realta\/"},"modified":"2025-05-29T11:40:07","modified_gmt":"2025-05-29T11:40:07","slug":"la-soluzione-del-servizio-di-salvataggio-a-la-oliva-e-sempre-piu-vicina-a-diventare-realta","status":"publish","type":"post","link":"https:\/\/informacionlocal.es\/it\/la-soluzione-del-servizio-di-salvataggio-a-la-oliva-e-sempre-piu-vicina-a-diventare-realta\/","title":{"rendered":"La soluzione del servizio di salvataggio a La Oliva \u00e8 sempre pi\u00f9 vicina a diventare realt\u00e0."},"content":{"rendered":"<p>Il Comune di La Oliva, attraverso l \u201cAssessorato ai Contratti, guidato da Juan Jos\u00e9 Rodr\u00edguez, ha approvato in seduta plenaria l\u201d inizio della risoluzione del contratto dei bagnini e ha fatto un passo avanti nella procedura di gara per un nuovo contratto di bagnini. Dopo le ripetute sanzioni effettuate dal gruppo di governo per il mancato rispetto dell \u201cattuale contratto, l\u201d Amministrazione sta procedendo nel processo che consentir\u00e0 una maggiore sicurezza per le coste del Comune. <\/p>\n<p>Il sindaco di La Oliva, Isa\u00ed Blanco, sottolinea la necessit\u00e0 di migliorare il servizio di soccorso: &#8220;Il Municipio \u00e8 consapevole della situazione del servizio e ha sanzionato la Croce Rossa per il mancato rispetto del contratto in diverse occasioni. Di conseguenza, l \u2018attuale contratto sar\u00e0 rescisso. Nonostante ci\u00f2, durante la procedura di passaggio a una nuova gara d\u2019 appalto, l \u2018azienda \u00e8 comunque tenuta a continuare il servizio fino all\u2019 insediamento di un nuovo appaltatore&#8221;.<\/p>\n<p>Da parte sua, l&#8217;Assessore ai Contratti, Juan Jos\u00e9 Rodr\u00edguez: &#8220;In questa occasione l&#8217;obiettivo sar\u00e0 quello di porre alcune condizioni all&#8217;azienda che si \u00e8 aggiudicata l&#8217;appalto, tra cui quella relativa ai salari, in modo da adeguare il lavoro dei bagnini a un lavoro poco valorizzato nonostante l&#8217;importanza e il rischio che comporta. Anche in questo caso, nonostante il fatto che gli stipendi della Croce Rossa siano stabiliti dal loro accordo professionale di Stato e non dall&#8217;Amministrazione, il Consiglio cercher\u00e0 di alleviare questa situazione e chieder\u00e0 che l&#8217;azienda paghi uno stipendio in linea con il lavoro&#8221;.<\/p>\n<p>Questa azione risponde all \u201cimpegno dell\u201d amministrazione locale di offrire un servizio di qualit\u00e0 che garantisca la sicurezza dei cittadini sulle coste di La Oliva.<\/p>\n","protected":false},"excerpt":{"rendered":"<p><span>Il Comune avvia la risoluzione dell \u201cattuale contratto e bandisce una nuova gara d\u201d appalto per migliorare il servizio sulle spiagge del Comune.<\/span><\/p>\n","protected":false},"author":1,"featured_media":4555,"comment_status":"open","ping_status":"open","sticky":false,"template":"","format":"standard","meta":{"inline_featured_image":false,"jnews-multi-image_gallery":[],"jnews_single_post":[],"jnews_primary_category":[],"jnews_social_meta":[],"jnews_override_counter":[],"jnews_post_split":[],"footnotes":""},"categories":[292],"tags":[],"class_list":["post-4558","post","type-post","status-publish","format-standard","has-post-thumbnail","hentry","category-la-oliva-it"],"jetpack_featured_media_url":"https:\/\/informacionlocal.es\/wp-content\/uploads\/2025\/05\/5204_6ddcd01e.png","_links":{"self":[{"href":"https:\/\/informacionlocal.es\/it\/wp-json\/wp\/v2\/posts\/4558","targetHints":{"allow":["GET"]}}],"collection":[{"href":"https:\/\/informacionlocal.es\/it\/wp-json\/wp\/v2\/posts"}],"about":[{"href":"https:\/\/informacionlocal.es\/it\/wp-json\/wp\/v2\/types\/post"}],"author":[{"embeddable":true,"href":"https:\/\/informacionlocal.es\/it\/wp-json\/wp\/v2\/users\/1"}],"replies":[{"embeddable":true,"href":"https:\/\/informacionlocal.es\/it\/wp-json\/wp\/v2\/comments?post=4558"}],"version-history":[{"count":0,"href":"https:\/\/informacionlocal.es\/it\/wp-json\/wp\/v2\/posts\/4558\/revisions"}],"wp:featuredmedia":[{"embeddable":true,"href":"https:\/\/informacionlocal.es\/it\/wp-json\/wp\/v2\/media\/4555"}],"wp:attachment":[{"href":"https:\/\/informacionlocal.es\/it\/wp-json\/wp\/v2\/media?parent=4558"}],"wp:term":[{"taxonomy":"category","embeddable":true,"href":"https:\/\/informacionlocal.es\/it\/wp-json\/wp\/v2\/categories?post=4558"},{"taxonomy":"post_tag","embeddable":true,"href":"https:\/\/informacionlocal.es\/it\/wp-json\/wp\/v2\/tags?post=4558"}],"curies":[{"name":"wp","href":"https:\/\/api.w.org\/{rel}","templated":true}]}}