{"id":4546,"date":"2025-05-29T11:16:10","date_gmt":"2025-05-29T11:16:10","guid":{"rendered":"https:\/\/informacionlocal.es\/il-municipio-di-pajara-prepara-il-sentiero-della-montana-del-cardon-per-il-pellegrinaggio-del-tanquito\/"},"modified":"2025-05-29T11:16:10","modified_gmt":"2025-05-29T11:16:10","slug":"il-municipio-di-pajara-prepara-il-sentiero-della-montana-del-cardon-per-il-pellegrinaggio-del-tanquito","status":"publish","type":"post","link":"https:\/\/informacionlocal.es\/it\/il-municipio-di-pajara-prepara-il-sentiero-della-montana-del-cardon-per-il-pellegrinaggio-del-tanquito\/","title":{"rendered":"Il Municipio di P\u00e1jara prepara il sentiero della Monta\u00f1a del Card\u00f3n per il pellegrinaggio del Tanquito."},"content":{"rendered":"<div class=\"entry-content\">\n<p><b><i>Il team del Dipartimento Ambiente svolge attivit\u00e0 di pulizia, sgombero e miglioramento degli accessi per garantire la sicurezza durante le festivit\u00e0 locali.<\/i><\/b><\/p>\n<p><span>Il Municipio di P\u00e1jara, attraverso l&#8217;Assessorato all&#8217;Ambiente, ha completato il rifacimento completo del sentiero della Monta\u00f1a del Card\u00f3n, in occasione dell&#8217;imminente celebrazione del Pellegrinaggio della Festa del Tanquito.<\/span><\/p>\n<p><span>Il lavoro svolto ha incluso non solo la pulizia del sentiero, ma anche la rimozione della vegetazione e il miglioramento degli accessi, con l&#8217;obiettivo di facilitare un transito sicuro e confortevole per i partecipanti. Inoltre, sono stati rimossi i rifiuti, come parte dell&#8217;impegno comunale per la cura e la conservazione dell&#8217;ambiente.   <\/span><\/p>\n<p><span>L&#8217;assessore all&#8217;Ambiente, \u00c1ngeles Acosta, sottolinea l&#8217;importanza di queste azioni per il godimento delle feste locali. &#8220;Vogliamo che le celebrazioni si svolgano in un ambiente sicuro, pulito e rispettato da tutti. Queste azioni fanno parte della nostra responsabilit\u00e0 di proteggere e valorizzare il nostro patrimonio naturale&#8221;, afferma.   <\/span><\/p>\n<p><span>Da parte sua, il sindaco di P\u00e1jara, Alejandro Jorge, apprezza il lavoro svolto dalla squadra ambientale e ribadisce l \u201cimpegno del Comune per il benessere dei cittadini e la protezione dell\u201d area naturale. \u201cInvitiamo tutti a godersi le feste del Tanquito in modo responsabile\u201d, afferma.   <\/span><\/p>\n<p><span>Il Comune continuer\u00e0 a rafforzare la sua opera di sensibilizzazione ambientale, promuovendo le buone pratiche tra i residenti e i visitatori del comune e ricordando loro l \u201cimportanza di conservare l\u201d ambiente naturale del comune.  <\/span><\/p>\n<\/div>\n","protected":false},"excerpt":{"rendered":"<p><i>Il team del Dipartimento Ambiente svolge attivit\u00e0 di pulizia, sgombero e miglioramento degli accessi per garantire la sicurezza durante le festivit\u00e0 locali.<\/i><\/p>\n","protected":false},"author":1,"featured_media":4543,"comment_status":"open","ping_status":"open","sticky":false,"template":"","format":"standard","meta":{"inline_featured_image":false,"jnews-multi-image_gallery":[],"jnews_single_post":[],"jnews_primary_category":[],"jnews_social_meta":[],"jnews_override_counter":[],"jnews_post_split":[],"footnotes":""},"categories":[298],"tags":[205],"class_list":["post-4546","post","type-post","status-publish","format-standard","has-post-thumbnail","hentry","category-pajara-it","tag-ambiente"],"jetpack_featured_media_url":"https:\/\/informacionlocal.es\/wp-content\/uploads\/2025\/05\/tfotos-del-tanquito-1.png","_links":{"self":[{"href":"https:\/\/informacionlocal.es\/it\/wp-json\/wp\/v2\/posts\/4546","targetHints":{"allow":["GET"]}}],"collection":[{"href":"https:\/\/informacionlocal.es\/it\/wp-json\/wp\/v2\/posts"}],"about":[{"href":"https:\/\/informacionlocal.es\/it\/wp-json\/wp\/v2\/types\/post"}],"author":[{"embeddable":true,"href":"https:\/\/informacionlocal.es\/it\/wp-json\/wp\/v2\/users\/1"}],"replies":[{"embeddable":true,"href":"https:\/\/informacionlocal.es\/it\/wp-json\/wp\/v2\/comments?post=4546"}],"version-history":[{"count":0,"href":"https:\/\/informacionlocal.es\/it\/wp-json\/wp\/v2\/posts\/4546\/revisions"}],"wp:featuredmedia":[{"embeddable":true,"href":"https:\/\/informacionlocal.es\/it\/wp-json\/wp\/v2\/media\/4543"}],"wp:attachment":[{"href":"https:\/\/informacionlocal.es\/it\/wp-json\/wp\/v2\/media?parent=4546"}],"wp:term":[{"taxonomy":"category","embeddable":true,"href":"https:\/\/informacionlocal.es\/it\/wp-json\/wp\/v2\/categories?post=4546"},{"taxonomy":"post_tag","embeddable":true,"href":"https:\/\/informacionlocal.es\/it\/wp-json\/wp\/v2\/tags?post=4546"}],"curies":[{"name":"wp","href":"https:\/\/api.w.org\/{rel}","templated":true}]}}