{"id":4536,"date":"2025-05-28T15:56:56","date_gmt":"2025-05-28T15:56:56","guid":{"rendered":"https:\/\/informacionlocal.es\/il-gusto-puerto-del-rosario-torna-sul-viale-del-mare-come-preludio-al-baile-de-taifas-ballo-delle-taifas\/"},"modified":"2025-05-28T15:56:56","modified_gmt":"2025-05-28T15:56:56","slug":"il-gusto-puerto-del-rosario-torna-sul-viale-del-mare-come-preludio-al-baile-de-taifas-ballo-delle-taifas","status":"publish","type":"post","link":"https:\/\/informacionlocal.es\/it\/il-gusto-puerto-del-rosario-torna-sul-viale-del-mare-come-preludio-al-baile-de-taifas-ballo-delle-taifas\/","title":{"rendered":"Il Gusto Puerto del Rosario torna sul viale del mare come preludio al Baile de Taifas (Ballo delle Taifas)."},"content":{"rendered":"<div class=\"entry-content\">\n<p>Gioved\u00ec 29 maggio, il viale del mare di Puerto del Rosario diventer\u00e0 l&#8217;epicentro del sapore e della tradizione locale con una nuova edizione di &#8220;Saborea Puerto del Rosario&#8221;, un&#8217;iniziativa organizzata dall&#8217;Assessorato al Settore Primario del Comune di Puerto del Rosario, sotto la direzione del consigliere David de Le\u00f3n, e che ha il sostegno di Volcanic Xperience, un programma del Dipartimento di Agricoltura, Allevamento, Pesca e Sovranit\u00e0 Alimentare del Governo delle Isole Canarie.<\/p>\n<p>L&#8217;evento si svolger\u00e0 dalle 10:00 alle 13:00 e far\u00e0 da preludio all&#8217;atteso Baile de Taifas, che si terr\u00e0 lo stesso gioved\u00ec pomeriggio presso la Fiera di Puerto del Rosario, nell&#8217;ambito delle manifestazioni che commemorano la Giornata delle Isole Canarie.<\/p>\n<p>Durante la giornata i partecipanti potranno degustare alcuni dei prodotti pi\u00f9 rappresentativi del settore primario del comune, come i formaggi del Caseificio Felipa La Monta\u00f1eta (Casillas del \u00c1ngel), del Caseificio Quesos Tetir e del Caseificio La Ampuyenta, gestito da H\u00e9ctor Cabrera. L&#8217;offerta sar\u00e0 completata da pomodori con condimenti locali, pane artigianale e, per i pi\u00f9 golosi, le tipiche rosquetes del panificio Panarte Zen\u00f3n, situato a Tetir. <\/p>\n<p>Un&#8217;occasione perfetta per gustare il sapore autentico di Puerto del Rosario nella cornice privilegiata del suo viale sul mare e per continuare a sostenere i produttori locali, veri protagonisti dell&#8217;identit\u00e0 gastronomica dell&#8217;isola.<\/p>\n<\/div>\n","protected":false},"excerpt":{"rendered":"<p>Gioved\u00ec 29 maggio, il viale del mare di Puerto del Rosario diventer\u00e0 l&#8217;epicentro del sapore e della tradizione locale con una nuova edizione di &#8220;Saborea Puerto del Rosario&#8221;, un&#8217;iniziativa organizzata [&hellip;]<\/p>\n","protected":false},"author":1,"featured_media":4531,"comment_status":"open","ping_status":"open","sticky":false,"template":"","format":"standard","meta":{"inline_featured_image":false,"jnews-multi-image_gallery":[],"jnews_single_post":[],"jnews_primary_category":[],"jnews_social_meta":[],"jnews_override_counter":[],"jnews_post_split":[],"footnotes":""},"categories":[295],"tags":[],"class_list":["post-4536","post","type-post","status-publish","format-standard","has-post-thumbnail","hentry","category-puerto-del-rosario-it"],"jetpack_featured_media_url":"https:\/\/informacionlocal.es\/wp-content\/uploads\/2025\/05\/saborea-matorral-cartel-y-productos-1.jpg","_links":{"self":[{"href":"https:\/\/informacionlocal.es\/it\/wp-json\/wp\/v2\/posts\/4536","targetHints":{"allow":["GET"]}}],"collection":[{"href":"https:\/\/informacionlocal.es\/it\/wp-json\/wp\/v2\/posts"}],"about":[{"href":"https:\/\/informacionlocal.es\/it\/wp-json\/wp\/v2\/types\/post"}],"author":[{"embeddable":true,"href":"https:\/\/informacionlocal.es\/it\/wp-json\/wp\/v2\/users\/1"}],"replies":[{"embeddable":true,"href":"https:\/\/informacionlocal.es\/it\/wp-json\/wp\/v2\/comments?post=4536"}],"version-history":[{"count":0,"href":"https:\/\/informacionlocal.es\/it\/wp-json\/wp\/v2\/posts\/4536\/revisions"}],"wp:featuredmedia":[{"embeddable":true,"href":"https:\/\/informacionlocal.es\/it\/wp-json\/wp\/v2\/media\/4531"}],"wp:attachment":[{"href":"https:\/\/informacionlocal.es\/it\/wp-json\/wp\/v2\/media?parent=4536"}],"wp:term":[{"taxonomy":"category","embeddable":true,"href":"https:\/\/informacionlocal.es\/it\/wp-json\/wp\/v2\/categories?post=4536"},{"taxonomy":"post_tag","embeddable":true,"href":"https:\/\/informacionlocal.es\/it\/wp-json\/wp\/v2\/tags?post=4536"}],"curies":[{"name":"wp","href":"https:\/\/api.w.org\/{rel}","templated":true}]}}