{"id":4521,"date":"2025-05-28T15:00:24","date_gmt":"2025-05-28T15:00:24","guid":{"rendered":"https:\/\/informacionlocal.es\/puerto-del-rosario-celebra-il-primo-incontro-dei-centri-per-anziani-di-fuerteventura\/"},"modified":"2025-05-28T15:00:24","modified_gmt":"2025-05-28T15:00:24","slug":"puerto-del-rosario-celebra-il-primo-incontro-dei-centri-per-anziani-di-fuerteventura","status":"publish","type":"post","link":"https:\/\/informacionlocal.es\/it\/puerto-del-rosario-celebra-il-primo-incontro-dei-centri-per-anziani-di-fuerteventura\/","title":{"rendered":"Puerto del Rosario celebra il primo incontro dei Centri per anziani di Fuerteventura."},"content":{"rendered":"<div class=\"entry-content\">\n<p>La sera di marted\u00ec 27 maggio, nella Plaza de la Paz di Puerto del Rosario, \u00e8 stata celebrata una giornata molto speciale con la prima riunione dei Centri Anziani di Fuerteventura, dove gli anziani di tutta l&#8217;isola hanno condiviso una giornata piena di musica, tradizioni e divertimento. Sono stati assegnati dei premi per il costume tradizionale pi\u00f9 eccezionale. <\/p>\n<p>Questo evento, organizzato insieme al Governo delle Isole Canarie e con la collaborazione dei consigli comunali di Antigua e Tuineje, ci ha ricordato l&#8217;importanza di stare insieme, di curare le nostre radici e di continuare a imparare da coloro che hanno costruito la nostra storia.<\/p>\n<p>Per il <strong>sindaco della capitale, David de Vera<\/strong>, &#8220;in questi formidabili incontri possiamo socializzare, ascoltare e imparare dai nostri anziani in un ambiente molto piacevole dove tradizione, costumi e cultura vanno di pari passo, in un&#8217;attivit\u00e0 inquadrata nelle molteplici opzioni programmate per la Giornata delle Isole Canarie&#8221;.<\/p>\n<p>L&#8217;<strong>Assessore alla Cultura, Juan Manuel Verdugo<\/strong>, ha espresso &#8220;la soddisfazione che deriva dal vedere i nostri anziani in un&#8217;atmosfera cos\u00ec partecipativa in cui sono protagonisti con la musica tradizionale, i gruppi di ballo, la gastronomia canaria e tutto ci\u00f2 che riguarda l&#8217;anniversario della Comunit\u00e0 canaria&#8221;.<\/p>\n<\/div>\n","protected":false},"excerpt":{"rendered":"<p>La sera di marted\u00ec 27 maggio, nella Plaza de la Paz di Puerto del Rosario, \u00e8 stata celebrata una giornata molto speciale con la prima riunione dei Centri Anziani di [&hellip;]<\/p>\n","protected":false},"author":1,"featured_media":4519,"comment_status":"open","ping_status":"open","sticky":false,"template":"","format":"standard","meta":{"inline_featured_image":false,"jnews-multi-image_gallery":[],"jnews_single_post":[],"jnews_primary_category":[],"jnews_social_meta":[],"jnews_override_counter":[],"jnews_post_split":[],"footnotes":""},"categories":[295],"tags":[223],"class_list":["post-4521","post","type-post","status-publish","format-standard","has-post-thumbnail","hentry","category-puerto-del-rosario-it","tag-fuerteventura-it"],"jetpack_featured_media_url":"https:\/\/informacionlocal.es\/wp-content\/uploads\/2025\/05\/encuentro-22-mayores-25-bailan-y-escenario.jpg","_links":{"self":[{"href":"https:\/\/informacionlocal.es\/it\/wp-json\/wp\/v2\/posts\/4521","targetHints":{"allow":["GET"]}}],"collection":[{"href":"https:\/\/informacionlocal.es\/it\/wp-json\/wp\/v2\/posts"}],"about":[{"href":"https:\/\/informacionlocal.es\/it\/wp-json\/wp\/v2\/types\/post"}],"author":[{"embeddable":true,"href":"https:\/\/informacionlocal.es\/it\/wp-json\/wp\/v2\/users\/1"}],"replies":[{"embeddable":true,"href":"https:\/\/informacionlocal.es\/it\/wp-json\/wp\/v2\/comments?post=4521"}],"version-history":[{"count":0,"href":"https:\/\/informacionlocal.es\/it\/wp-json\/wp\/v2\/posts\/4521\/revisions"}],"wp:featuredmedia":[{"embeddable":true,"href":"https:\/\/informacionlocal.es\/it\/wp-json\/wp\/v2\/media\/4519"}],"wp:attachment":[{"href":"https:\/\/informacionlocal.es\/it\/wp-json\/wp\/v2\/media?parent=4521"}],"wp:term":[{"taxonomy":"category","embeddable":true,"href":"https:\/\/informacionlocal.es\/it\/wp-json\/wp\/v2\/categories?post=4521"},{"taxonomy":"post_tag","embeddable":true,"href":"https:\/\/informacionlocal.es\/it\/wp-json\/wp\/v2\/tags?post=4521"}],"curies":[{"name":"wp","href":"https:\/\/api.w.org\/{rel}","templated":true}]}}