{"id":4512,"date":"2025-05-28T12:15:27","date_gmt":"2025-05-28T12:15:27","guid":{"rendered":"https:\/\/informacionlocal.es\/pajara-promuove-limpegno-dei-giovani-per-lambiente-attraverso-un-albero-per-leuropa\/"},"modified":"2025-05-28T12:15:27","modified_gmt":"2025-05-28T12:15:27","slug":"pajara-promuove-limpegno-dei-giovani-per-lambiente-attraverso-un-albero-per-leuropa","status":"publish","type":"post","link":"https:\/\/informacionlocal.es\/it\/pajara-promuove-limpegno-dei-giovani-per-lambiente-attraverso-un-albero-per-leuropa\/","title":{"rendered":"P\u00e1jara promuove l&#8217;impegno dei giovani per l&#8217;ambiente attraverso Un albero per l&#8217;Europa"},"content":{"rendered":"<div class=\"entry-content\">\n<p><b><i>Pi\u00f9 di 50 studenti dell&#8217;IES Jand\u00eda hanno partecipato a una piantumazione simbolica che rafforza l&#8217;impegno del comune per la sostenibilit\u00e0 e l&#8217;educazione ambientale.<\/i><\/b><\/p>\n<p><span>Il Comune di P\u00e1jara, attraverso l &#8220;Assessorato all&#8221; Ambiente, ha aderito per il secondo anno consecutivo alla campagna &#8220;Un albero per l \u2018Europa\u2019, un&#8221; iniziativa promossa dall &#8220;associazione giovanile Equipo Europa, che mira a incoraggiare l&#8221; impegno dei comuni nella lotta contro il cambiamento climatico e a promuovere il coinvolgimento dei giovani nelle politiche ambientali.  <\/span><\/p>\n<p><span>L \u201cattivit\u00e0 principale di questa seconda edizione si \u00e8 svolta oggi, mercoled\u00ec 28 maggio, presso l\u201d IES Jand\u00eda, dove pi\u00f9 di 50 studenti hanno partecipato a una giornata educativa sulle specie vegetali endemiche di Fuerteventura, tenuta dal biologo Stephan Scholz, esperto nella conservazione della flora canaria. Successivamente, \u00e8 stata effettuata una piantumazione simbolica di specie autoctone nei dintorni del centro educativo, in un evento che ha visto la collaborazione attiva degli studenti. <\/span><\/p>\n<p><span>L&#8217;assessore all&#8217;Ambiente, \u00c1ngeles Acosta, sottolinea l&#8217;importanza di sensibilizzare i giovani sugli effetti del cambiamento climatico fin dalla pi\u00f9 tenera et\u00e0. &#8220;\u00c8 essenziale che i nostri giovani comprendano le sfide ambientali che dobbiamo affrontare. Vogliamo che diventino agenti del cambiamento verso un Comune pi\u00f9 consapevole e sostenibile&#8221;, afferma.   <\/span><\/p>\n<p><span>Da parte sua, il sindaco di P\u00e1jara, Alejandro Jorge, sottolinea il ruolo chiave delle amministrazioni locali nella lotta al cambiamento climatico. &#8220;Dal Concistoro continuiamo a sostenere iniziative che mettono insieme educazione, sostenibilit\u00e0 e partecipazione dei cittadini. Attivit\u00e0 come questa rafforzano il nostro impegno per un modello di sviluppo che rispetti l&#8217;ambiente e le generazioni future&#8221;, afferma. <\/span><\/p>\n<p><span>Con questa azione, il Comune di P\u00e1jara continua a promuovere progetti che integrano l&#8217;educazione ambientale nella vita quotidiana della comunit\u00e0. Questa misura si aggiunge a una serie di iniziative locali volte a proteggere il patrimonio naturale del comune.   <\/span><\/p>\n<\/div>\n","protected":false},"excerpt":{"rendered":"<p><i>Pi\u00f9 di 50 studenti dell&#8217;IES Jand\u00eda hanno partecipato a una piantumazione simbolica che rafforza l&#8217;impegno del comune per la sostenibilit\u00e0 e l&#8217;educazione ambientale.<\/i><\/p>\n","protected":false},"author":1,"featured_media":4507,"comment_status":"open","ping_status":"open","sticky":false,"template":"","format":"standard","meta":{"inline_featured_image":false,"jnews-multi-image_gallery":[],"jnews_single_post":[],"jnews_primary_category":[],"jnews_social_meta":[],"jnews_override_counter":[],"jnews_post_split":[],"footnotes":""},"categories":[298],"tags":[205,202,309,223],"class_list":["post-4512","post","type-post","status-publish","format-standard","has-post-thumbnail","hentry","category-pajara-it","tag-ambiente","tag-comuni","tag-educacion-it","tag-fuerteventura-it"],"jetpack_featured_media_url":"https:\/\/informacionlocal.es\/wp-content\/uploads\/2025\/05\/whatsapp-image-2025-05-28-at-13-42-42-e1748433079458.jpeg","_links":{"self":[{"href":"https:\/\/informacionlocal.es\/it\/wp-json\/wp\/v2\/posts\/4512","targetHints":{"allow":["GET"]}}],"collection":[{"href":"https:\/\/informacionlocal.es\/it\/wp-json\/wp\/v2\/posts"}],"about":[{"href":"https:\/\/informacionlocal.es\/it\/wp-json\/wp\/v2\/types\/post"}],"author":[{"embeddable":true,"href":"https:\/\/informacionlocal.es\/it\/wp-json\/wp\/v2\/users\/1"}],"replies":[{"embeddable":true,"href":"https:\/\/informacionlocal.es\/it\/wp-json\/wp\/v2\/comments?post=4512"}],"version-history":[{"count":0,"href":"https:\/\/informacionlocal.es\/it\/wp-json\/wp\/v2\/posts\/4512\/revisions"}],"wp:featuredmedia":[{"embeddable":true,"href":"https:\/\/informacionlocal.es\/it\/wp-json\/wp\/v2\/media\/4507"}],"wp:attachment":[{"href":"https:\/\/informacionlocal.es\/it\/wp-json\/wp\/v2\/media?parent=4512"}],"wp:term":[{"taxonomy":"category","embeddable":true,"href":"https:\/\/informacionlocal.es\/it\/wp-json\/wp\/v2\/categories?post=4512"},{"taxonomy":"post_tag","embeddable":true,"href":"https:\/\/informacionlocal.es\/it\/wp-json\/wp\/v2\/tags?post=4512"}],"curies":[{"name":"wp","href":"https:\/\/api.w.org\/{rel}","templated":true}]}}