{"id":4485,"date":"2025-05-28T09:39:08","date_gmt":"2025-05-28T09:39:08","guid":{"rendered":"https:\/\/informacionlocal.es\/antigua-celebra-la-giornata-delle-isole-canarie-con-un-grande-baile-de-taifas-danza-tradizionale\/"},"modified":"2025-05-28T09:39:08","modified_gmt":"2025-05-28T09:39:08","slug":"antigua-celebra-la-giornata-delle-isole-canarie-con-un-grande-baile-de-taifas-danza-tradizionale","status":"publish","type":"post","link":"https:\/\/informacionlocal.es\/it\/antigua-celebra-la-giornata-delle-isole-canarie-con-un-grande-baile-de-taifas-danza-tradizionale\/","title":{"rendered":"Antigua celebra la Giornata delle Isole Canarie con un grande Baile de Taifas (danza tradizionale)"},"content":{"rendered":"<div class=\"elementor-widget-container\">\n<p><strong>Antigua celebra la Giornata delle Isole Canarie con un grande Baile de Taifas (danza tradizionale)<\/strong><\/p>\n<p><strong>&#8211; Nella Plaza de Antigua dalle 13:00 alle 19:00 con le esibizioni delle parrandas Mayores de Antigua, El Campillo, Son de Anta\u00f1o e il gruppo di musica popolare Amol\u00e1n.  <\/strong><br \/><strong>&#8211; Tutto \u00e8 pronto per vivere una giornata all&#8217;insegna delle tradizioni, del folklore, della gastronomia e della celebrazione del Giorno delle Canarie, sia per chi \u00e8 qui sia per chi vive e rispetta questa isola canaria, dice il sindaco, Mat\u00edas Pe\u00f1a.<\/strong><\/p>\n<p>Tutto \u00e8 pronto per godere e festeggiare insieme la Giornata delle Isole Canarie ad Antigua, sia per chi \u00e8 di qui sia per chi si sente di qui e rispetta questa terra di tradizioni, musica e gustosa gastronomia&#8221;, dice il sindaco, Mat\u00edas Pe\u00f1a Garc\u00eda.<\/p>\n<p>Tavole preparate per associazioni, gruppi familiari, gruppi di amici, parrandas e collettivi, dove non mancheranno certo stufati e piatti canari, salse mojo, sancocho e papas arrug\u00e1s, aggiunge l&#8217;assessore alla Cultura, Jonathan Pe\u00f1a, e naturalmente la musica del timple, della bandurria o del tamburello che scandisce i ritmi che ci caratterizzano come isas, fol\u00edas o seguidillas.<\/p>\n<p>L \u201cAssessore alla Cultura ricorda e consiglia di venire vestiti in abiti canari per approfittare al massimo della Giornata delle Canarie e del Baile de Taifas che abbiamo organizzato e in cui tutti sono i benvenuti, perch\u00e9 se c\u201d \u00e8 una cosa che caratterizza i canari e le Canarie \u00e8 l \u201caccoglienza, la cordialit\u00e0 e l\u201d ospitalit\u00e0.<\/p>\n<p>Sul palco, le esibizioni delle parrandas Mayores de Antigua, El Campillo, Son de Anta\u00f1o e del gruppo di musica popolare Amol\u00e1n, sono state protagoniste del Baile de Taifas dalle 13:00 alle 19:00 in una piazza di Antigua decorata per l&#8217;occasione.<\/p>\n<\/p>\n<\/div>\n","protected":false},"excerpt":{"rendered":"<p><strong>Antigua celebra la Giornata delle Isole Canarie con un grande Baile de Taifas (danza tradizionale)<\/strong><\/p>\n","protected":false},"author":1,"featured_media":4483,"comment_status":"open","ping_status":"open","sticky":false,"template":"","format":"standard","meta":{"inline_featured_image":false,"jnews-multi-image_gallery":[],"jnews_single_post":[],"jnews_primary_category":[],"jnews_social_meta":[],"jnews_override_counter":[],"jnews_post_split":[],"footnotes":""},"categories":[282],"tags":[],"class_list":["post-4485","post","type-post","status-publish","format-standard","has-post-thumbnail","hentry","category-antigua-it"],"jetpack_featured_media_url":"https:\/\/informacionlocal.es\/wp-content\/uploads\/2025\/05\/diacanantigua-9-scaled-1.jpg","_links":{"self":[{"href":"https:\/\/informacionlocal.es\/it\/wp-json\/wp\/v2\/posts\/4485","targetHints":{"allow":["GET"]}}],"collection":[{"href":"https:\/\/informacionlocal.es\/it\/wp-json\/wp\/v2\/posts"}],"about":[{"href":"https:\/\/informacionlocal.es\/it\/wp-json\/wp\/v2\/types\/post"}],"author":[{"embeddable":true,"href":"https:\/\/informacionlocal.es\/it\/wp-json\/wp\/v2\/users\/1"}],"replies":[{"embeddable":true,"href":"https:\/\/informacionlocal.es\/it\/wp-json\/wp\/v2\/comments?post=4485"}],"version-history":[{"count":0,"href":"https:\/\/informacionlocal.es\/it\/wp-json\/wp\/v2\/posts\/4485\/revisions"}],"wp:featuredmedia":[{"embeddable":true,"href":"https:\/\/informacionlocal.es\/it\/wp-json\/wp\/v2\/media\/4483"}],"wp:attachment":[{"href":"https:\/\/informacionlocal.es\/it\/wp-json\/wp\/v2\/media?parent=4485"}],"wp:term":[{"taxonomy":"category","embeddable":true,"href":"https:\/\/informacionlocal.es\/it\/wp-json\/wp\/v2\/categories?post=4485"},{"taxonomy":"post_tag","embeddable":true,"href":"https:\/\/informacionlocal.es\/it\/wp-json\/wp\/v2\/tags?post=4485"}],"curies":[{"name":"wp","href":"https:\/\/api.w.org\/{rel}","templated":true}]}}