{"id":4449,"date":"2025-05-27T11:01:05","date_gmt":"2025-05-27T11:01:05","guid":{"rendered":"https:\/\/informacionlocal.es\/il-comune-di-pajara-lancia-il-fun-summer-sports-campus-per-i-bambini-tra-i-6-e-gli-11-anni\/"},"modified":"2025-05-27T11:01:05","modified_gmt":"2025-05-27T11:01:05","slug":"il-comune-di-pajara-lancia-il-fun-summer-sports-campus-per-i-bambini-tra-i-6-e-gli-11-anni","status":"publish","type":"post","link":"https:\/\/informacionlocal.es\/it\/il-comune-di-pajara-lancia-il-fun-summer-sports-campus-per-i-bambini-tra-i-6-e-gli-11-anni\/","title":{"rendered":"Il Comune di P\u00e1jara lancia il Fun Summer Sports Campus per i bambini tra i 6 e gli 11 anni."},"content":{"rendered":"<div class=\"entry-content\">\n<p><b><i>Dal 23 giugno al 5 settembre, le attivit\u00e0 si svolgeranno in varie localit\u00e0 del comune con posti limitati e turno mattutino, tranne a La Lajita, dove ci sar\u00e0 anche un turno pomeridiano.<\/i><\/b><\/p>\n<p><span>L&#8217;Assessorato allo Sport del Comune di P\u00e1jara presenta il &#8220;Campus Deportivo Verano Divertido&#8221;, un&#8217;iniziativa rivolta ai bambini di et\u00e0 compresa tra i 6 e gli 11 anni, che si terr\u00e0 dal 23 giugno al 5 settembre in varie localit\u00e0 del comune. Il campus si propone di offrire un&#8217;alternativa di svago attiva e sana ai bambini durante le vacanze scolastiche.   <\/span><\/p>\n<p><span>Le attivit\u00e0 si svolgeranno in diverse zone del comune, garantendo cos\u00ec vicinanza e accessibilit\u00e0 alle famiglie. Le localit\u00e0 incluse sono: P\u00e1jara (Ajuy e Toto), La Lajita (La Pared, Valle de La Lajita e Card\u00f3n), Costa Calma e Morro Jable.   <\/span><\/p>\n<p><span>I turni saranno al mattino, tranne che a La Lajita, dove ci sar\u00e0 anche un turno pomeridiano, dalle ore 16:00 alle ore 20:00. Per partecipare, i bambini devono essere registrati nel Comune e iscriversi nel loro luogo di residenza. I posti sono limitati e verranno assegnati in ordine di registrazione.    <\/span><\/p>\n<p><span>L &#8220;assessore allo Sport, Jos\u00e9 Benito Alonso, sottolinea che si tratta di un impegno a favore dello sport come strumento di integrazione, salute e divertimento per i bambini. \u2018Vogliamo che ogni bambino del Comune abbia accesso a un\u2019 estate attiva, divertente ed esperienziale, senza che il costo sia una barriera per le famiglie&#8221;, ha dichiarato. <\/span><\/p>\n<p><span>Il Comune invita le famiglie a iscrivere i propri figli. Il modulo di iscrizione \u00e8 disponibile sul sito web del Comune o al seguente link:   <\/span><span>Preiscrizione CAMPUS SPORTIVO P\u00c1JARA 2025<\/span><span>. Nel caso di Morro Jable, le iscrizioni possono essere gestite direttamente con il Club N\u00e1utico, attraverso l&#8217;indirizzo e-mail  <\/span><span>pasasipuedes@gmail.com<\/span><span> o chiamando il numero 634 526 888. <\/span> <\/p>\n<p><img fetchpriority=\"high\" decoding=\"async\" class=\"alignnone size-medium wp-image-20347\" src=\"https:\/\/informacionlocal.es\/wp-content\/uploads\/2025\/05\/costa-calma-225x300-1.png\" width=\"225\" height=\"300\" title=\"costa-calma-225x300-1\"><img decoding=\"async\" class=\"alignnone size-medium wp-image-20348\" src=\"https:\/\/informacionlocal.es\/wp-content\/uploads\/2025\/05\/la-lajita-225x300-1.png\" width=\"225\" height=\"300\" title=\"la-lajita-225x300-1\"><img decoding=\"async\" class=\"alignnone size-medium wp-image-20349\" src=\"https:\/\/informacionlocal.es\/wp-content\/uploads\/2025\/05\/morro-jable-225x300-1.png\" width=\"225\" height=\"300\" title=\"morro-jable-225x300-1\"><img loading=\"lazy\" decoding=\"async\" loading=\"lazy\" class=\"alignnone size-medium wp-image-20350\" src=\"https:\/\/informacionlocal.es\/wp-content\/uploads\/2025\/05\/pajara-225x300-1.png\" width=\"225\" height=\"300\" title=\"pajara-225x300-1\"><\/p>\n<\/p>\n<\/p>\n<\/div>\n","protected":false},"excerpt":{"rendered":"<p><i>Dal 23 giugno al 5 settembre, le attivit\u00e0 si svolgeranno in varie localit\u00e0 del comune con posti limitati e turno mattutino, tranne a La Lajita, dove ci sar\u00e0 anche un turno pomeridiano.<\/i><\/p>\n","protected":false},"author":1,"featured_media":4431,"comment_status":"open","ping_status":"open","sticky":false,"template":"","format":"standard","meta":{"inline_featured_image":false,"jnews-multi-image_gallery":[],"jnews_single_post":[],"jnews_primary_category":[],"jnews_social_meta":[],"jnews_override_counter":[],"jnews_post_split":[],"footnotes":""},"categories":[298],"tags":[220,325],"class_list":["post-4449","post","type-post","status-publish","format-standard","has-post-thumbnail","hentry","category-pajara-it","tag-integrazione","tag-residenza"],"jetpack_featured_media_url":"https:\/\/informacionlocal.es\/wp-content\/uploads\/2025\/05\/img_3090.jpg","_links":{"self":[{"href":"https:\/\/informacionlocal.es\/it\/wp-json\/wp\/v2\/posts\/4449","targetHints":{"allow":["GET"]}}],"collection":[{"href":"https:\/\/informacionlocal.es\/it\/wp-json\/wp\/v2\/posts"}],"about":[{"href":"https:\/\/informacionlocal.es\/it\/wp-json\/wp\/v2\/types\/post"}],"author":[{"embeddable":true,"href":"https:\/\/informacionlocal.es\/it\/wp-json\/wp\/v2\/users\/1"}],"replies":[{"embeddable":true,"href":"https:\/\/informacionlocal.es\/it\/wp-json\/wp\/v2\/comments?post=4449"}],"version-history":[{"count":0,"href":"https:\/\/informacionlocal.es\/it\/wp-json\/wp\/v2\/posts\/4449\/revisions"}],"wp:featuredmedia":[{"embeddable":true,"href":"https:\/\/informacionlocal.es\/it\/wp-json\/wp\/v2\/media\/4431"}],"wp:attachment":[{"href":"https:\/\/informacionlocal.es\/it\/wp-json\/wp\/v2\/media?parent=4449"}],"wp:term":[{"taxonomy":"category","embeddable":true,"href":"https:\/\/informacionlocal.es\/it\/wp-json\/wp\/v2\/categories?post=4449"},{"taxonomy":"post_tag","embeddable":true,"href":"https:\/\/informacionlocal.es\/it\/wp-json\/wp\/v2\/tags?post=4449"}],"curies":[{"name":"wp","href":"https:\/\/api.w.org\/{rel}","templated":true}]}}