{"id":4424,"date":"2025-05-26T15:31:13","date_gmt":"2025-05-26T15:31:13","guid":{"rendered":"https:\/\/informacionlocal.es\/pajara-ribadisce-il-suo-impegno-ambientale-nella-decima-edizione-di-limpia-cofete\/"},"modified":"2025-05-26T15:31:13","modified_gmt":"2025-05-26T15:31:13","slug":"pajara-ribadisce-il-suo-impegno-ambientale-nella-decima-edizione-di-limpia-cofete","status":"publish","type":"post","link":"https:\/\/informacionlocal.es\/it\/pajara-ribadisce-il-suo-impegno-ambientale-nella-decima-edizione-di-limpia-cofete\/","title":{"rendered":"P\u00e1jara ribadisce il suo impegno ambientale nella decima edizione di Limpia Cofete"},"content":{"rendered":"<div class=\"entry-content\">\n<p><b><i>La giornata ha permesso di liberare la spiaggia dai detriti trasportati dalle correnti marine e dai rifiuti lasciati dai visitatori.  <\/i><\/b><\/p>\n<p><span>Il Comune di P\u00e1jara, attraverso gli assessorati all \u201cAmbiente e alle Spiagge, ribadisce il suo impegno per la protezione dell\u201d ambiente naturale partecipando ancora una volta alla giornata \u201cLimpia Cofete\u201d, che si terr\u00e0 domenica 25 maggio.  <\/span><\/p>\n<p><span>L \u201cattivit\u00e0, promossa dal gruppo di volontariato ambientale Limpiaventura, ha raccolto un intero camion di rifiuti dall\u201d emblematica spiaggia di Cofete. I rifiuti rimossi comprendevano grandi quantit\u00e0 di plastica, reti da pesca e grandi contenitori come tubi, elementi dovuti sia alle correnti marine sia al comportamento incivile di alcuni visitatori che abbandonano rifiuti in un ambiente di alto valore ecologico.   <\/span><\/p>\n<p><span>L&#8217;assessore all&#8217;Ambiente, \u00c1ngeles Acosta, \u00e8 positiva sull&#8217;esito della giornata. &#8220;\u00c8 un segno della responsabilit\u00e0 collettiva che dobbiamo assumerci per proteggere il nostro patrimonio naturale. Questa azione dimostra che, quando istituzioni e cittadini lavorano fianco a fianco, \u00e8 possibile generare un impatto reale sull&#8217;ambiente e muoversi verso un modello di convivenza pi\u00f9 sostenibile&#8221;, sottolinea l&#8217;assessore.    <\/span><\/p>\n<p><span>Da parte sua, l&#8217;assessore alle Spiagge, Raimundo Dacosta, sottolinea che &#8220;questo tipo di attivit\u00e0 non solo contribuisce a mantenere la nostra costa nelle migliori condizioni, ma rafforza anche la consapevolezza ambientale e la partecipazione dei cittadini&#8221;.  <\/span><\/p>\n<p><span>La giornata si \u00e8 svolta all &#8220;insegna della \u2018libert\u00e0 dalla plastica monouso\u2019, culminando in una paella comunitaria in un&#8221; atmosfera di convivenza e rispetto ambientale.  <\/span><\/p>\n<p><span>Il successo di questa azione riafferma la necessit\u00e0 di mantenere spazi come Cofete liberi da rifiuti e sottolinea il valore di continuare a promuovere azioni che combinano consapevolezza ambientale, partecipazione dei cittadini e azione diretta.  <\/span><\/p>\n<\/div>\n","protected":false},"excerpt":{"rendered":"<p><i>La giornata ha permesso di liberare la spiaggia dai detriti trasportati dalle correnti marine e dai rifiuti lasciati dai visitatori.  <\/i><\/p>\n","protected":false},"author":1,"featured_media":4419,"comment_status":"open","ping_status":"open","sticky":false,"template":"","format":"standard","meta":{"inline_featured_image":false,"jnews-multi-image_gallery":[],"jnews_single_post":[],"jnews_primary_category":[],"jnews_social_meta":[],"jnews_override_counter":[],"jnews_post_split":[],"footnotes":""},"categories":[298],"tags":[205],"class_list":["post-4424","post","type-post","status-publish","format-standard","has-post-thumbnail","hentry","category-pajara-it","tag-ambiente"],"jetpack_featured_media_url":"https:\/\/informacionlocal.es\/wp-content\/uploads\/2025\/05\/limpia-cofete-2025-2-e1748271294664.jpg","_links":{"self":[{"href":"https:\/\/informacionlocal.es\/it\/wp-json\/wp\/v2\/posts\/4424","targetHints":{"allow":["GET"]}}],"collection":[{"href":"https:\/\/informacionlocal.es\/it\/wp-json\/wp\/v2\/posts"}],"about":[{"href":"https:\/\/informacionlocal.es\/it\/wp-json\/wp\/v2\/types\/post"}],"author":[{"embeddable":true,"href":"https:\/\/informacionlocal.es\/it\/wp-json\/wp\/v2\/users\/1"}],"replies":[{"embeddable":true,"href":"https:\/\/informacionlocal.es\/it\/wp-json\/wp\/v2\/comments?post=4424"}],"version-history":[{"count":0,"href":"https:\/\/informacionlocal.es\/it\/wp-json\/wp\/v2\/posts\/4424\/revisions"}],"wp:featuredmedia":[{"embeddable":true,"href":"https:\/\/informacionlocal.es\/it\/wp-json\/wp\/v2\/media\/4419"}],"wp:attachment":[{"href":"https:\/\/informacionlocal.es\/it\/wp-json\/wp\/v2\/media?parent=4424"}],"wp:term":[{"taxonomy":"category","embeddable":true,"href":"https:\/\/informacionlocal.es\/it\/wp-json\/wp\/v2\/categories?post=4424"},{"taxonomy":"post_tag","embeddable":true,"href":"https:\/\/informacionlocal.es\/it\/wp-json\/wp\/v2\/tags?post=4424"}],"curies":[{"name":"wp","href":"https:\/\/api.w.org\/{rel}","templated":true}]}}