{"id":4400,"date":"2025-05-26T13:35:10","date_gmt":"2025-05-26T13:35:10","guid":{"rendered":"https:\/\/informacionlocal.es\/puerto-del-rosario-celebra-la-giornata-delle-canarie-con-attivita-tradizionali-gastronomia-e-incontri-intergenerazionali\/"},"modified":"2025-05-26T13:35:10","modified_gmt":"2025-05-26T13:35:10","slug":"puerto-del-rosario-celebra-la-giornata-delle-canarie-con-attivita-tradizionali-gastronomia-e-incontri-intergenerazionali","status":"publish","type":"post","link":"https:\/\/informacionlocal.es\/it\/puerto-del-rosario-celebra-la-giornata-delle-canarie-con-attivita-tradizionali-gastronomia-e-incontri-intergenerazionali\/","title":{"rendered":"Puerto del Rosario celebra la Giornata delle Canarie con attivit\u00e0 tradizionali, gastronomia e incontri intergenerazionali."},"content":{"rendered":"<div class=\"entry-content\">\n<p>Il Comune di Puerto del Rosario ha preparato un ricco programma di attivit\u00e0 per celebrare <strong>la Giornata delle Canarie<\/strong>, con proposte che promuovono l&#8217;identit\u00e0 culturale, il divertimento collettivo e la partecipazione di tutte le et\u00e0. Gli eventi sono inquadrati in diverse aree municipali, con un coinvolgimento speciale dei dipartimenti di Sviluppo Locale, Settore Primario e Affari Sociali. <\/p>\n<p><strong>Giochi tradizionali &#8211; Progetto \u201cBregando por Puerto\u201d.<\/strong><\/p>\n<p>Nell &#8220;ambito del progetto <strong>\u2018Bregando por Puerto\u2019,<\/strong> promosso dall&#8221; Assessorato allo Sviluppo Locale diretto da <strong>\u00c9rica Gonz\u00e1lez<\/strong>, si stanno svolgendo una serie di giornate di giochi tradizionali canari in diverse zone del comune. Queste attivit\u00e0 sono pensate per essere inclusive, intergenerazionali e completamente gratuite. <\/p>\n<p><strong>Prossime date:<\/strong><\/p>\n<ul>\n<li>AAVV Castillejo de Tesjuate &#8211; 26 maggio (dalle 17:30 alle 19:30).<\/li>\n<li>Plaza de La Paz &#8211; 27 maggio (dalle 17:00 alle 19:30).<\/li>\n<li>Calle Primero de Mayo &#8211; 28 e 29 maggio (dalle 10:00 alle 12:00 e dalle 16:30 alle 18:30).<\/li>\n<\/ul>\n<p>Queste giornate permettono alla comunit\u00e0 di recuperare e condividere giochi come la t\u00e1ngana, la corda, l&#8217;elastico, il salto del pastore o la campana.<\/p>\n<p><strong>David de Vera<\/strong>, sindaco di Puerto del Rosario e responsabile degli Affari sociali, ha dichiarato: <em>&#8220;Vogliamo che la Giornata delle Canarie sia vissuta nelle strade, con la gioia delle nostre tradizioni e l&#8217;orgoglio di essere un popolo. Attivit\u00e0 come queste rafforzano il legame tra le generazioni e il senso di appartenenza alla nostra terra&#8221;.<\/em><\/p>\n<p><strong>\u00c9rica Gonz\u00e1lez<\/strong>, assessore allo Sviluppo locale, sottolinea: <em>\u201ccon Bregando por Puerto abbiamo voluto portare le nostre radici nelle strade in modo partecipativo, inclusivo e didattico. I giochi tradizionali non sono solo parte del nostro patrimonio culturale, ma anche uno strumento di coesione sociale che risveglia la memoria collettiva e rafforza il tessuto comunitario\u201d.<\/em><\/p>\n<p><strong>David de Le\u00f3n<\/strong>, assessore al Settore primario, ha sottolineato: <em>\u201cal Municipio continuiamo a sostenere le iniziative che valorizzano ci\u00f2 che \u00e8 nostro, che mettono in primo piano la conoscenza popolare, la tradizione orale e i giochi che hanno segnato diverse generazioni di uomini e donne delle Canarie\u201d.<\/em><\/p>\n<p><strong>Riunione dei Centri per anziani &#8211; 27 maggio<\/strong><\/p>\n<p>Organizzato dalla Direzione generale per gli anziani e la partecipazione attiva insieme al Municipio, luned\u00ec 27 maggio si terr\u00e0 un incontro festoso nella Plaza de la Paz, dalle 17.00 alle 21.00. I centri per anziani del Comune si riuniranno per celebrare una giornata di musica, socializzazione e premi per il miglior costume tradizionale. <\/p>\n<p><strong>\u201cGusto Puerto del Rosario\u201d &#8211; 29 maggio<\/strong><\/p>\n<p>Gioved\u00ec 29 maggio, dalle 10:00 alle 13:00, in Avenida Mar\u00edtima, si terr\u00e0 la mostra gastronomica <strong>\u201cSaborea Puerto del Rosario\u201d,<\/strong> una vetrina dei prodotti locali e della cucina tradizionale canaria. Ci saranno degustazioni e un \u201cesposizione di prodotti realizzati con prodotti locali, a sostegno del settore primario e dell\u201d economia circolare. <\/p>\n<\/div>\n","protected":false},"excerpt":{"rendered":"<p>Il Comune di Puerto del Rosario ha preparato un ricco programma di attivit\u00e0 per celebrare la Giornata delle Canarie, con proposte che promuovono l&#8217;identit\u00e0 culturale, il divertimento collettivo e la [&hellip;]<\/p>\n","protected":false},"author":1,"featured_media":4395,"comment_status":"open","ping_status":"open","sticky":false,"template":"","format":"standard","meta":{"inline_featured_image":false,"jnews-multi-image_gallery":[],"jnews_single_post":[],"jnews_primary_category":[],"jnews_social_meta":[],"jnews_override_counter":[],"jnews_post_split":[],"footnotes":""},"categories":[295],"tags":[307],"class_list":["post-4400","post","type-post","status-publish","format-standard","has-post-thumbnail","hentry","category-puerto-del-rosario-it","tag-agenda-it"],"jetpack_featured_media_url":"https:\/\/informacionlocal.es\/wp-content\/uploads\/2025\/05\/dia-de-canarias-general.jpg","_links":{"self":[{"href":"https:\/\/informacionlocal.es\/it\/wp-json\/wp\/v2\/posts\/4400","targetHints":{"allow":["GET"]}}],"collection":[{"href":"https:\/\/informacionlocal.es\/it\/wp-json\/wp\/v2\/posts"}],"about":[{"href":"https:\/\/informacionlocal.es\/it\/wp-json\/wp\/v2\/types\/post"}],"author":[{"embeddable":true,"href":"https:\/\/informacionlocal.es\/it\/wp-json\/wp\/v2\/users\/1"}],"replies":[{"embeddable":true,"href":"https:\/\/informacionlocal.es\/it\/wp-json\/wp\/v2\/comments?post=4400"}],"version-history":[{"count":0,"href":"https:\/\/informacionlocal.es\/it\/wp-json\/wp\/v2\/posts\/4400\/revisions"}],"wp:featuredmedia":[{"embeddable":true,"href":"https:\/\/informacionlocal.es\/it\/wp-json\/wp\/v2\/media\/4395"}],"wp:attachment":[{"href":"https:\/\/informacionlocal.es\/it\/wp-json\/wp\/v2\/media?parent=4400"}],"wp:term":[{"taxonomy":"category","embeddable":true,"href":"https:\/\/informacionlocal.es\/it\/wp-json\/wp\/v2\/categories?post=4400"},{"taxonomy":"post_tag","embeddable":true,"href":"https:\/\/informacionlocal.es\/it\/wp-json\/wp\/v2\/tags?post=4400"}],"curies":[{"name":"wp","href":"https:\/\/api.w.org\/{rel}","templated":true}]}}