{"id":4376,"date":"2025-05-26T11:39:01","date_gmt":"2025-05-26T11:39:01","guid":{"rendered":"https:\/\/informacionlocal.es\/corralejo-diventa-lepicentro-nazionale-dei-campionati-spagnoli-di-triathlon-combinato\/"},"modified":"2025-05-26T11:39:01","modified_gmt":"2025-05-26T11:39:01","slug":"corralejo-diventa-lepicentro-nazionale-dei-campionati-spagnoli-di-triathlon-combinato","status":"publish","type":"post","link":"https:\/\/informacionlocal.es\/it\/corralejo-diventa-lepicentro-nazionale-dei-campionati-spagnoli-di-triathlon-combinato\/","title":{"rendered":"Corralejo diventa l&#8217;epicentro nazionale dei Campionati spagnoli di triathlon combinato."},"content":{"rendered":"<p>Il Centro Insular de Atletismo de Fuerteventura ospiter\u00e0 il prossimo fine settimana, il 31 maggio e il 1\u00b0 giugno, i Campionati spagnoli di prove combinate. Questa competizione, organizzata dal Comune di La Oliva, attraverso l \u201cAssessorato allo Sport, guidato da Gleiber Carre\u00f1o, insieme alla RFEA (Reale Federazione Spagnola di Atletica Leggera), alla FCA (Federazione Canaria di Atletica Leggera) e alla FIAF (Federazione Insulare di Atletica Leggera di Fuerteventura) e con la collaborazione del Consiglio Insulare di Fuerteventura, \u00e8 il primo evento nazionale di questo tipo che si tiene sull\u201d isola. <\/p>\n<p>Cos\u00ec, Corralejo sar\u00e0 la sede di due giorni di questa competizione che sar\u00e0 portata avanti da squadre delle Federazioni Autonome, dove 8 comunit\u00e0 con 6 atleti si contenderanno il podio. Va inoltre sottolineato che 4 atleti di ogni comunit\u00e0 (2 ragazzi e 2 ragazze) parteciperanno agli eventi. Le comunit\u00e0 autonome partecipanti saranno Galizia, Paesi Baschi, Madrid, Valencia, Andalusia, Murcia e Isole Canarie, dove gli atleti faranno il decathlon, mentre le atlete faranno l&#8217;eptathlon.  <\/p>\n<p>Da notare che a questa competizione parteciperanno anche Paola Sarabia ed Eduardo Figueroa, entrambi residenti a Corralejo, insieme a Juan Manuel Hern\u00e1ndez, atleta di Puerto del Rosario, appartenenti alla Federazione delle Isole Canarie e membri del club locale C.D. Maxoathlon Fuerteventura. I campionati conteranno anche sulla partecipazione degli attuali campioni spagnoli indoor, la valenciana Alba Ram\u00edrez e il catalano Pol Ferrer.   <\/p>\n<p>Il sindaco di La Oliva, Isa\u00ed Blanco, sottolinea il ruolo dello sport nel comune: &#8220;La celebrazione dei Campionati spagnoli di combinata \u00e8 un riflesso dello sport che si muove sulla nostra isola. Fuerteventura porta con s\u00e9 una storia di atleti di spicco nelle rispettive modalit\u00e0, come Paola Sarabia ed Eduardo Figueroa, fonte di orgoglio non solo per il nostro comune, ma anche per lo sport nazionale. La recente inaugurazione del Centro di Atletica dell&#8217;Isola offre un luogo dove questi atleti possono allenarsi e allo stesso tempo apre le porte alle competizioni nazionali, in modo che considerino il territorio del Majorero come un luogo ideale per lo svolgimento di questi eventi sportivi&#8221;.  <\/p>\n<p>A sua volta, l&#8217;Assessore allo Sport, Luis Gonz\u00e1lez, ha sottolineato la tappa storica dello svolgimento di un campionato nazionale assoluto di atletica leggera per la prima volta a Fuerteventura. \u00c8 importante sottolineare, ha continuato l&#8217;assessore, &#8220;l&#8217;impegno che il Cabildo prese all&#8217;epoca, in coordinamento con il Comune di La Oliva, per avere un centro di atletica isolano nel nord dell&#8217;isola&#8221;. Un&#8217;infrastruttura strategica e di prim&#8217;ordine che \u00e8 servita ad attrarre grandi eventi sportivi. &#8220;Permetter\u00e0 di sviluppare non solo i nostri atleti Majorero, ma anche di sfruttare opportunit\u00e0 come quella ora offerta dalla Federazione spagnola di atletica leggera&#8221;.  <\/p>\n<p>L &#8220;assessore allo Sport, Gleiber Carre\u00f1o, ha dichiarato: \u2018Per il Comune e, in particolare, per il Consiglio, siamo orgogliosi che La Oliva ospiti questo primo Campionato spagnolo di atletica leggera nella storia della nostra isola. Senza dubbio, l\u2019 evento rafforza la nostra volont\u00e0 di proseguire con la promozione del turismo sportivo nel Comune, un binomio di vitale importanza e sul quale stiamo lavorando dall \u2018inizio della legislatura. Vorremmo anche ringraziare il Cabildo Insular per la sua collaborazione nell\u2019 esecuzione e nel miglioramento delle infrastrutture del centro, poich\u00e9 la qualit\u00e0 e il servizio di queste strutture \u00e8 ci\u00f2 che rende possibile lo svolgimento di questo evento nazionale a Fuerteventura&#8221;.<\/p>\n<p>Infine, il presidente della Federazione Canaria di Atletica Leggera e membro del consiglio direttivo della Federazione Spagnola di Atletica Leggera, Pablo de los Santos, ha dichiarato: &#8220;Questa \u00e8 un&#8217;opportunit\u00e0 per lo sport canario e in particolare per l&#8217;isola di Fuerteventura, perch\u00e9 dal 2008 non si sono svolti i Campionati Spagnoli nelle Isole Canarie, e ora si terranno in queste meravigliose strutture inaugurate quest&#8217;anno con i Campionati Canari. Questo \u00e8 senza dubbio il coronamento di un anno spettacolare per la Reale Federazione Spagnola di Atletica Leggera. Vorremmo anche ringraziare le autorit\u00e0, il Cabildo e il Municipio di La Oliva per tutto quello che hanno fatto e continuano a fare, e soprattutto per averci accolto in questo evento che si terr\u00e0 questo fine settimana e in cui saranno presenti i migliori atleti nazionali di combinata. Alcuni degli atleti che hanno confermato la loro partecipazione all&#8217;evento stanno cercando il loro marchio per partecipare a Tokyo quest&#8217;anno, quindi sar\u00e0 un fine settimana con una bella competizione tra gli atleti.<\/p>\n","protected":false},"excerpt":{"rendered":"<p><span>Il comune di La Oliva ospita i primi campionati spagnoli di atletica sull&#8217;isola<\/span><\/p>\n","protected":false},"author":1,"featured_media":4371,"comment_status":"open","ping_status":"open","sticky":false,"template":"","format":"standard","meta":{"inline_featured_image":false,"jnews-multi-image_gallery":[],"jnews_single_post":[],"jnews_primary_category":[],"jnews_social_meta":[],"jnews_override_counter":[],"jnews_post_split":[],"footnotes":""},"categories":[292],"tags":[223,344],"class_list":["post-4376","post","type-post","status-publish","format-standard","has-post-thumbnail","hentry","category-la-oliva-it","tag-fuerteventura-it","tag-sport-it"],"jetpack_featured_media_url":"https:\/\/informacionlocal.es\/wp-content\/uploads\/2025\/05\/5201_27fd32bd.png","_links":{"self":[{"href":"https:\/\/informacionlocal.es\/it\/wp-json\/wp\/v2\/posts\/4376","targetHints":{"allow":["GET"]}}],"collection":[{"href":"https:\/\/informacionlocal.es\/it\/wp-json\/wp\/v2\/posts"}],"about":[{"href":"https:\/\/informacionlocal.es\/it\/wp-json\/wp\/v2\/types\/post"}],"author":[{"embeddable":true,"href":"https:\/\/informacionlocal.es\/it\/wp-json\/wp\/v2\/users\/1"}],"replies":[{"embeddable":true,"href":"https:\/\/informacionlocal.es\/it\/wp-json\/wp\/v2\/comments?post=4376"}],"version-history":[{"count":0,"href":"https:\/\/informacionlocal.es\/it\/wp-json\/wp\/v2\/posts\/4376\/revisions"}],"wp:featuredmedia":[{"embeddable":true,"href":"https:\/\/informacionlocal.es\/it\/wp-json\/wp\/v2\/media\/4371"}],"wp:attachment":[{"href":"https:\/\/informacionlocal.es\/it\/wp-json\/wp\/v2\/media?parent=4376"}],"wp:term":[{"taxonomy":"category","embeddable":true,"href":"https:\/\/informacionlocal.es\/it\/wp-json\/wp\/v2\/categories?post=4376"},{"taxonomy":"post_tag","embeddable":true,"href":"https:\/\/informacionlocal.es\/it\/wp-json\/wp\/v2\/tags?post=4376"}],"curies":[{"name":"wp","href":"https:\/\/api.w.org\/{rel}","templated":true}]}}