{"id":4350,"date":"2025-05-26T11:03:21","date_gmt":"2025-05-26T11:03:21","guid":{"rendered":"https:\/\/informacionlocal.es\/la-nona-edizione-della-tanquito-runners-race-batte-i-record-e-riunisce-piu-di-300-corridori-a-cardon\/"},"modified":"2025-05-26T11:03:21","modified_gmt":"2025-05-26T11:03:21","slug":"la-nona-edizione-della-tanquito-runners-race-batte-i-record-e-riunisce-piu-di-300-corridori-a-cardon","status":"publish","type":"post","link":"https:\/\/informacionlocal.es\/it\/la-nona-edizione-della-tanquito-runners-race-batte-i-record-e-riunisce-piu-di-300-corridori-a-cardon\/","title":{"rendered":"La nona edizione della Tanquito Runner&#8217;s race batte i record e riunisce pi\u00f9 di 300 corridori a Card\u00f3n."},"content":{"rendered":"<div class=\"entry-content\">\n<p><b><i>Suddivisa in tre distanze, la gara ha offerto ai corridori di tutti i livelli una sfida unica nei paesaggi mozzafiato del sud dell&#8217;isola.  <\/i><\/b><\/p>\n<p><span>Il Comune di P\u00e1jara, attraverso l&#8217;Assessorato allo Sport, ha organizzato sabato scorso, 24 maggio, una nuova e fortunata edizione della corsa podistica Tanquito di Card\u00f3n, una gara che continua a consolidare il suo posto nel calendario sportivo dell&#8217;isola. In questa nona edizione \u00e8 stata raggiunta una partecipazione storica, con un totale di 316 corridori, il che significa un aumento di 68 partecipanti rispetto all&#8217;anno scorso.   <\/span><\/p>\n<p><span>La gara ha offerto ancora una volta agli amanti dello sport e della natura un percorso impegnativo e spettacolare, suddiviso in tre categorie: mini (7 km), medio (10 km) e Reyna (17 km). I partecipanti hanno messo alla prova i propri limiti in un ambiente naturale unico, correndo attraverso alcuni dei paesaggi pi\u00f9 suggestivi del sud dell&#8217;isola.   <\/span><\/p>\n<p><span>L &#8220;assessore allo Sport, Jos\u00e9 Benito Alonso, sottolinea l&#8221; atmosfera vissuta durante la giornata e l &#8220;aumento della partecipazione. \u2018La Tanquito Runner\u2019 s race si \u00e8 affermata come uno degli eventi sportivi pi\u00f9 importanti del Comune. Da parte del Comune continuiamo a sostenere gli eventi che portano lo sport a tutte le et\u00e0 e rafforzano il legame con il nostro ambiente&#8221;, aggiunge.   <\/span><\/p>\n<p><span>La giornata si \u00e8 conclusa in un&#8217;atmosfera festosa e conviviale, riflesso dell&#8217;impegno e del coinvolgimento dei corridori, dei volontari e dell&#8217;organizzazione, che fanno s\u00ec che questa gara continui a crescere anno dopo anno.<\/span><\/p>\n<\/div>\n","protected":false},"excerpt":{"rendered":"<p><i>Suddivisa in tre distanze, la gara ha offerto ai corridori di tutti i livelli una sfida unica nei paesaggi mozzafiato del sud dell&#8217;isola.  <\/i><\/p>\n","protected":false},"author":1,"featured_media":4347,"comment_status":"open","ping_status":"open","sticky":false,"template":"","format":"standard","meta":{"inline_featured_image":false,"jnews-multi-image_gallery":[],"jnews_single_post":[],"jnews_primary_category":[],"jnews_social_meta":[],"jnews_override_counter":[],"jnews_post_split":[],"footnotes":""},"categories":[298],"tags":[308],"class_list":["post-4350","post","type-post","status-publish","format-standard","has-post-thumbnail","hentry","category-pajara-it","tag-eventos-it"],"jetpack_featured_media_url":"https:\/\/informacionlocal.es\/wp-content\/uploads\/2025\/05\/whatsapp-image-2025-05-25-at-18-59-53-scaled-e1748255242100.jpeg","_links":{"self":[{"href":"https:\/\/informacionlocal.es\/it\/wp-json\/wp\/v2\/posts\/4350","targetHints":{"allow":["GET"]}}],"collection":[{"href":"https:\/\/informacionlocal.es\/it\/wp-json\/wp\/v2\/posts"}],"about":[{"href":"https:\/\/informacionlocal.es\/it\/wp-json\/wp\/v2\/types\/post"}],"author":[{"embeddable":true,"href":"https:\/\/informacionlocal.es\/it\/wp-json\/wp\/v2\/users\/1"}],"replies":[{"embeddable":true,"href":"https:\/\/informacionlocal.es\/it\/wp-json\/wp\/v2\/comments?post=4350"}],"version-history":[{"count":0,"href":"https:\/\/informacionlocal.es\/it\/wp-json\/wp\/v2\/posts\/4350\/revisions"}],"wp:featuredmedia":[{"embeddable":true,"href":"https:\/\/informacionlocal.es\/it\/wp-json\/wp\/v2\/media\/4347"}],"wp:attachment":[{"href":"https:\/\/informacionlocal.es\/it\/wp-json\/wp\/v2\/media?parent=4350"}],"wp:term":[{"taxonomy":"category","embeddable":true,"href":"https:\/\/informacionlocal.es\/it\/wp-json\/wp\/v2\/categories?post=4350"},{"taxonomy":"post_tag","embeddable":true,"href":"https:\/\/informacionlocal.es\/it\/wp-json\/wp\/v2\/tags?post=4350"}],"curies":[{"name":"wp","href":"https:\/\/api.w.org\/{rel}","templated":true}]}}