{"id":4338,"date":"2025-05-24T22:22:33","date_gmt":"2025-05-24T22:22:33","guid":{"rendered":"https:\/\/informacionlocal.es\/fuerteautor-2025-musica-dautore-gastronomia-a-km-0-e-solidarieta-nelle-fornaci-di-calce-di-el-charco-a-puerto-del-rosario\/"},"modified":"2025-05-24T22:22:33","modified_gmt":"2025-05-24T22:22:33","slug":"fuerteautor-2025-musica-dautore-gastronomia-a-km-0-e-solidarieta-nelle-fornaci-di-calce-di-el-charco-a-puerto-del-rosario","status":"publish","type":"post","link":"https:\/\/informacionlocal.es\/it\/fuerteautor-2025-musica-dautore-gastronomia-a-km-0-e-solidarieta-nelle-fornaci-di-calce-di-el-charco-a-puerto-del-rosario\/","title":{"rendered":"FuerteAutor 2025: musica d&#8217;autore, gastronomia a KM-0 e solidariet\u00e0 nelle fornaci di calce di El Charco, a Puerto del Rosario."},"content":{"rendered":"<div class=\"entry-content\">\n<p><strong><em>La rassegna musicale torna il 7 giugno con una seconda edizione pi\u00f9 ambiziosa in una nuova sede in riva al mare e con una formazione guidata da Tu Otra Bonita, Marta Soto, Querido e Luis Quintana.<\/em><\/strong><\/p>\n<p>Dopo il clamoroso successo della sua prima edizione nel 2023, che ha riunito artisti come Marw\u00e1n, Silo\u00e9, D\u00e1cil Santana di Gran Canaria e Julia Rodr\u00edguez di Maiorca, il festival <strong>FuerteAutor<\/strong> torna nel 2025 con una forza rinnovata e una proposta che cresce in qualit\u00e0, impegno sociale e proiezione culturale.<\/p>\n<p>L \u201cevento si svolger\u00e0 <strong>sabato 7 giugno<\/strong>, in una nuova e privilegiata location: <strong>il Centro di Interpretazione delle Fornaci di Calce di Puerto del Rosario<\/strong>, uno spazio ampio, aperto sul mare e con una maggiore capacit\u00e0 di accogliere un pubblico sempre pi\u00f9 affezionato. Questo cambiamento non solo migliora le condizioni logistiche e acustiche dell\u201d evento, ma colloca il festival in uno dei luoghi pi\u00f9 rappresentativi del patrimonio della capitale di Maiorca. <\/p>\n<p>Organizzato dal <strong>Comune di Puerto del Rosario<\/strong>, attraverso l&#8217;<strong>Assessorato alla Cultura, <\/strong>FuerteAutor mantiene la sua essenza di ciclo di <strong>musica leggera e d&#8217;autore<\/strong>, dove parole, emozione e vicinanza sono i protagonisti. Un impegno che posiziona la capitale come riferimento culturale e turistico dell&#8217;isola, con un modello di festival che valorizza il talento, il paesaggio e i prodotti locali. <\/p>\n<p>La formazione di questa seconda edizione \u00e8 guidata dal gruppo <strong>Tu Otra Bonita<\/strong>, una delle band pi\u00f9 inclassificabili dell&#8217;attuale panorama musicale, grazie alla loro singolare fusione di stili che vanno dall&#8217;indie al flamenco, dalla rumba al pop vivace. Con canzoni come <em>Alegr\u00eda de vivir<\/em>, diventata disco d&#8217;oro e inno di una nota campagna televisiva, o <em>Alitas de mar<\/em> con Juanito Makand\u00e9, la band madrilena promette uno spettacolo dal vivo pieno di energia ed emozione. <\/p>\n<p>La segue <strong>Marta Soto<\/strong>, un punto di riferimento del nuovo cantautorato in Spagna. L \u201cartista nata a Huelva arriva a Fuerteventura nel bel mezzo del tour del suo ultimo EP <em>Paso a Paso<\/em>, un lavoro in cui passa in rassegna diverse fasi dell\u201d amore e della vita con la sua consueta sensibilit\u00e0. Con successi come <em>Dir\u00e1s<\/em>, <em>Entre otros cien<\/em> e <em>Quiero verte<\/em>, la sua esibizione sar\u00e0 un invito a disconnettersi dal rumore quotidiano e a immergersi in un viaggio emotivo.  <\/p>\n<p>Il pubblico potr\u00e0 inoltre apprezzare il talento emergente dei <strong>Querido<\/strong>, la band guidata da Andr\u00e9s Ferreiro &#8211; figlio del leggendario Iv\u00e1n Ferreiro &#8211; che, con un solo album sul mercato, ha gi\u00e0 attirato l \u201cattenzione della critica e del pubblico grazie ai suoi testi profondi e al suo sound a met\u00e0 tra pop alternativo e introspezione. Chiude la formazione il cantautore <strong>Luis Quintana<\/strong>, figura affermata della scena canaria e nazionale, con pi\u00f9 di 30 anni di esperienza e una voce che mescola la saggezza dell\u201d esperienza con una sensibilit\u00e0 che entra in contatto con il pubblico fin dal primo accordo. <\/p>\n<p>Oltre alla proposta musicale, FuerteAutor 2025 incorpora quest&#8217;anno <strong>un importante aspetto solidale<\/strong>: tutti i profitti generati dal bar dell&#8217;evento andranno all&#8217;<strong>Associazione ASOMASAMEN<\/strong>, in riconoscimento del suo instancabile lavoro nel campo della salute mentale a Fuerteventura. Una decisione che rafforza la natura impegnata e trasformativa del festival. <\/p>\n<p>L&#8217;esperienza si completa con un&#8217;<strong>area gastronomica a KM-0<\/strong> in cui il rinomato chef Majorero <strong>Yarely P\u00e9rez Vera<\/strong>, del ristorante <em>La Puipana<\/em> di Puerto del Rosario, proporr\u00e0 piatti a base di prodotti locali che esalteranno il sapore dell&#8217;isola e della sua cucina locale.<\/p>\n<p>E per coloro che desiderano accompagnare la loro esperienza musicale e gastronomica con un brindisi, il festival disporr\u00e0 anche di un \u201c<strong>enoteca<\/strong>, che offrir\u00e0 un\u201d accurata selezione dei <strong>migliori vini di Fuerteventura e del resto delle Isole Canarie<\/strong>, creando cos\u00ec un perfetto abbinamento con la proposta culinaria e lo spirito celebrativo di questa edizione.<\/p>\n<p><strong>FuerteAutor 2025<\/strong> \u00e8 gratuito e aperto a tutto il pubblico. Musica dal vivo, cucina d&#8217;autore, sensibilizzazione sociale e una location privilegiata in riva al mare si combinano in questa seconda edizione per trasformare la capitale delle Canarie nell&#8217;epicentro della musica d&#8217;autore delle Isole Canarie. <\/p>\n<\/div>\n","protected":false},"excerpt":{"rendered":"<p>La rassegna musicale torna il 7 giugno con una seconda edizione pi\u00f9 ambiziosa in una nuova sede in riva al mare e con una formazione guidata da Tu Otra Bonita, [&hellip;]<\/p>\n","protected":false},"author":1,"featured_media":4335,"comment_status":"open","ping_status":"open","sticky":false,"template":"","format":"standard","meta":{"inline_featured_image":false,"jnews-multi-image_gallery":[],"jnews_single_post":[],"jnews_primary_category":[],"jnews_social_meta":[],"jnews_override_counter":[],"jnews_post_split":[],"footnotes":""},"categories":[295],"tags":[223],"class_list":["post-4338","post","type-post","status-publish","format-standard","has-post-thumbnail","hentry","category-puerto-del-rosario-it","tag-fuerteventura-it"],"jetpack_featured_media_url":"https:\/\/informacionlocal.es\/wp-content\/uploads\/2025\/05\/fuerte-autor-cartel-rrss.jpg","_links":{"self":[{"href":"https:\/\/informacionlocal.es\/it\/wp-json\/wp\/v2\/posts\/4338","targetHints":{"allow":["GET"]}}],"collection":[{"href":"https:\/\/informacionlocal.es\/it\/wp-json\/wp\/v2\/posts"}],"about":[{"href":"https:\/\/informacionlocal.es\/it\/wp-json\/wp\/v2\/types\/post"}],"author":[{"embeddable":true,"href":"https:\/\/informacionlocal.es\/it\/wp-json\/wp\/v2\/users\/1"}],"replies":[{"embeddable":true,"href":"https:\/\/informacionlocal.es\/it\/wp-json\/wp\/v2\/comments?post=4338"}],"version-history":[{"count":0,"href":"https:\/\/informacionlocal.es\/it\/wp-json\/wp\/v2\/posts\/4338\/revisions"}],"wp:featuredmedia":[{"embeddable":true,"href":"https:\/\/informacionlocal.es\/it\/wp-json\/wp\/v2\/media\/4335"}],"wp:attachment":[{"href":"https:\/\/informacionlocal.es\/it\/wp-json\/wp\/v2\/media?parent=4338"}],"wp:term":[{"taxonomy":"category","embeddable":true,"href":"https:\/\/informacionlocal.es\/it\/wp-json\/wp\/v2\/categories?post=4338"},{"taxonomy":"post_tag","embeddable":true,"href":"https:\/\/informacionlocal.es\/it\/wp-json\/wp\/v2\/tags?post=4338"}],"curies":[{"name":"wp","href":"https:\/\/api.w.org\/{rel}","templated":true}]}}