{"id":4263,"date":"2025-05-24T10:25:19","date_gmt":"2025-05-24T10:25:19","guid":{"rendered":"https:\/\/informacionlocal.es\/xiii-barcelo-caleta-de-fuste-barcelo-mile-record-di-momenti-ed-emozioni\/"},"modified":"2025-05-24T10:25:19","modified_gmt":"2025-05-24T10:25:19","slug":"xiii-barcelo-caleta-de-fuste-barcelo-mile-record-di-momenti-ed-emozioni","status":"publish","type":"post","link":"https:\/\/informacionlocal.es\/it\/xiii-barcelo-caleta-de-fuste-barcelo-mile-record-di-momenti-ed-emozioni\/","title":{"rendered":"XIII Barcel\u00f3 Caleta de Fuste Barcel\u00f3 Mile record di momenti ed emozioni"},"content":{"rendered":"<div class=\"elementor-widget-container\">\n<p><strong>XIII Barcel\u00f3 Caleta de Fuste Barcel\u00f3 Mile record di momenti ed emozioni<\/strong><\/p>\n<p><strong>400 partecipanti al Barcel\u00f3 Caleta de Fuste Mile 2025<\/strong><\/p>\n<p><strong>&#8211; Il sindaco si congratula con tutti i corridori che hanno raggiunto il traguardo, con i primi e le prime classificate, con gli ultimi arrivati e con coloro che hanno superato tutte le difficolt\u00e0 per arrivare al traguardo tra gli applausi del pubblico.  <\/strong><br \/><strong>&#8211; Pablo Rodr\u00edguez Padilla ed Eva Mar\u00eda Alonso Merino, campioni assoluti del XIII Milla Barcel\u00f3 Caleta de Fuste.<\/strong><br \/><strong>&#8211; Il Dipartimento dello Sport del Comune di Antigua desidera sottolineare il lavoro svolto anche quest&#8217;anno dalla Federazione di Atletica dell&#8217;Isola di Fuerteventura, dal team di preparazione e allestimento comunale, nonch\u00e9 dal gruppo alberghiero Barcel\u00f3 per la sponsorizzazione e l&#8217;utilizzo delle strutture.<\/strong><\/p>\n<p>La tredicesima edizione del Miglio Barcel\u00f3 Caleta de Fuste ha stabilito un nuovo record di iscrizioni con 400 partecipanti, ma questo Miglio, secondo il sindaco Mat\u00edas Pe\u00f1a, \u00e8 caratterizzato dai momenti emozionanti del superamento degli ostacoli da parte dei partecipanti e dal sostegno dimostrato dal pubblico.<\/p>\n<p>Questa edizione ha avuto anche uno sponsor di lusso, dice l \u201cassessore allo Sport, Samuel Torres, l\u201d attuale campione canario di trail, Jos\u00e9 Hern\u00e1ndez Ojeda, che ha accompagnato, incoraggiato e consigliato tutti i corridori dai momenti prima della partenza fino all \u201carrivo. L\u201d assessore sottolinea anche la partecipazione per la prima volta del club di mantenimento fisico di Tesjuate, tutti di et\u00e0 superiore ai 60 anni, a dimostrazione dei benefici dello sport sia a livello fisico che mentale, e aggiunge Samuel Torres, come ogni anno dimostra la nostra magnifica e federata atleta locale, Teresa Ojeda. <\/p>\n<p>Il Dipartimento dello Sport del Comune di Antigua desidera sottolineare il lavoro svolto anche quest&#8217;anno dalla Federazione di Atletica dell&#8217;Isola di Fuerteventura, dal team di preparazione e allestimento comunale, nonch\u00e9 dal gruppo alberghiero Barcel\u00f3 per la sponsorizzazione e l&#8217;utilizzo delle strutture.<\/p>\n<p>Campione assoluto del XIII Barcel\u00f3 Caleta de Fuste Barcel\u00f3 Mile, Pablo Rodr\u00edguez Padilla, seguito al secondo posto da Ismail El Harchi Chajra e al terzo da Samu Lari\u00f1o.<br \/>Campionessa assoluta del XIII Barcel\u00f3 Caleta de Fuste Barcel\u00f3 Mile, Eva Mar\u00eda Alonso Merino, seguita al secondo posto da Mar\u00eda Fraile Garc\u00eda e al terzo da Luc\u00eda Rodr\u00edguez Gonz\u00e1lez.<\/p>\n<\/div>\n","protected":false},"excerpt":{"rendered":"<p><strong>XIII Barcel\u00f3 Caleta de Fuste Barcel\u00f3 Mile record di momenti ed emozioni<\/strong><\/p>\n","protected":false},"author":1,"featured_media":4259,"comment_status":"open","ping_status":"open","sticky":false,"template":"","format":"standard","meta":{"inline_featured_image":false,"jnews-multi-image_gallery":[],"jnews_single_post":[],"jnews_primary_category":[],"jnews_social_meta":[],"jnews_override_counter":[],"jnews_post_split":[],"footnotes":""},"categories":[282],"tags":[223],"class_list":["post-4263","post","type-post","status-publish","format-standard","has-post-thumbnail","hentry","category-antigua-it","tag-fuerteventura-it"],"jetpack_featured_media_url":"https:\/\/informacionlocal.es\/wp-content\/uploads\/2025\/05\/00-xiii-milla-barcelo-caleta-de-fuste-record-de-momentos-y-emociones-12-scaled-1.jpg","_links":{"self":[{"href":"https:\/\/informacionlocal.es\/it\/wp-json\/wp\/v2\/posts\/4263","targetHints":{"allow":["GET"]}}],"collection":[{"href":"https:\/\/informacionlocal.es\/it\/wp-json\/wp\/v2\/posts"}],"about":[{"href":"https:\/\/informacionlocal.es\/it\/wp-json\/wp\/v2\/types\/post"}],"author":[{"embeddable":true,"href":"https:\/\/informacionlocal.es\/it\/wp-json\/wp\/v2\/users\/1"}],"replies":[{"embeddable":true,"href":"https:\/\/informacionlocal.es\/it\/wp-json\/wp\/v2\/comments?post=4263"}],"version-history":[{"count":0,"href":"https:\/\/informacionlocal.es\/it\/wp-json\/wp\/v2\/posts\/4263\/revisions"}],"wp:featuredmedia":[{"embeddable":true,"href":"https:\/\/informacionlocal.es\/it\/wp-json\/wp\/v2\/media\/4259"}],"wp:attachment":[{"href":"https:\/\/informacionlocal.es\/it\/wp-json\/wp\/v2\/media?parent=4263"}],"wp:term":[{"taxonomy":"category","embeddable":true,"href":"https:\/\/informacionlocal.es\/it\/wp-json\/wp\/v2\/categories?post=4263"},{"taxonomy":"post_tag","embeddable":true,"href":"https:\/\/informacionlocal.es\/it\/wp-json\/wp\/v2\/tags?post=4263"}],"curies":[{"name":"wp","href":"https:\/\/api.w.org\/{rel}","templated":true}]}}