{"id":4251,"date":"2025-05-24T09:28:47","date_gmt":"2025-05-24T09:28:47","guid":{"rendered":"https:\/\/informacionlocal.es\/pajara-lancia-la-sua-campagna-annuale-di-vaccinazione-antirabbica-e-di-identificazione-degli-animali-domestici\/"},"modified":"2025-05-24T09:28:47","modified_gmt":"2025-05-24T09:28:47","slug":"pajara-lancia-la-sua-campagna-annuale-di-vaccinazione-antirabbica-e-di-identificazione-degli-animali-domestici","status":"publish","type":"post","link":"https:\/\/informacionlocal.es\/it\/pajara-lancia-la-sua-campagna-annuale-di-vaccinazione-antirabbica-e-di-identificazione-degli-animali-domestici\/","title":{"rendered":"P\u00e1jara lancia la sua campagna annuale di vaccinazione antirabbica e di identificazione degli animali domestici"},"content":{"rendered":"<div class=\"entry-content\">\n<p><b><i>L&#8217;iniziativa si svolger\u00e0 dal 28 maggio al 13 giugno in diversi centri culturali e sportivi del comune.<\/i><\/b><\/p>\n<p><span>Il Comune di P\u00e1jara, attraverso il Dipartimento di Salute e Sanit\u00e0 Pubblica, annuncia l&#8217;inizio della campagna annuale di vaccinazione antirabbica e di identificazione di cani, gatti e furetti, che si svolger\u00e0 dal 28 maggio al 13 giugno, dalle ore 10:00 alle ore 18:30, in vari centri culturali e sportivi del Comune.  <\/span><\/p>\n<p><span>La campagna mira a promuovere il possesso responsabile di animali e a garantire la tutela degli animali domestici e della salute pubblica. Nel corso dell \u201ciniziativa saranno offerti servizi di vaccinazione antirabbica e l\u201d impianto di microchip nei cani a partire dai tre mesi di et\u00e0, consentendo cos\u00ec anche di aggiornare il censimento canino comunale secondo la normativa vigente.   <\/span><\/p>\n<p><span>L&#8217;assessore alla Sanit\u00e0 e alla Salute pubblica, \u00c1ngeles Acosta, sottolinea l&#8217;importanza di questa azione, evidenziando che &#8220;si tratta di un&#8217;opportunit\u00e0 che non deve essere persa dai responsabili degli animali domestici, in quanto facilita il rispetto dei loro obblighi legali e contribuisce al benessere degli animali nel nostro Comune&#8221;. Ricorda inoltre che gli animali devono portare sempre con s\u00e9 il proprio censimento identificativo.   <\/span><\/p>\n<p><span>Da parte sua, il sindaco di P\u00e1jara, Alejandro Jorge, sottolinea che &#8220;la prevenzione attraverso la vaccinazione non solo protegge i nostri animali domestici, ma anche l&#8217;intera comunit\u00e0. Questa campagna \u00e8 un altro esempio del fermo impegno di questo Municipio per la cura degli animali e la salute pubblica&#8221;.  <\/span><\/p>\n<p><span>I centri del comune che ospiteranno questa campagna sono il campo sportivo di Toto, il 28 maggio; il campo di calcio di P\u00e1jara, il 29 maggio; il campo di calcio di La Pared, il 2 giugno; il Centro Culturale di El Card\u00f3n, il 2 giugno, in questo caso dalle 15:00 alle 18:30; il campo di lotta di La Lajita, il 5 giugno; il campo di calcio di Costa Calma, il 6 giugno; il campo di lotta di Morro Jable, il 12 e 13 giugno.  <\/span><\/p>\n<p><span>I pagamenti per questa campagna saranno effettuati in contanti e i prezzi vanno da 6 euro per la prima vaccinazione, 6 euro per la rivaccinazione e 20 euro per l&#8217;identificazione.<\/span><\/p>\n<p><img fetchpriority=\"high\" decoding=\"async\" class=\"alignnone size-medium wp-image-20321\" src=\"https:\/\/informacionlocal.es\/wp-content\/uploads\/2025\/05\/cartel-vacunacion-2025-salud-publica-definitivo-1-300x212-1.png\" width=\"300\" height=\"212\" title=\"cartel-vacunacion-2025-salud-publica-definitivo-1-300x212-1\"><\/p>\n<\/div>\n","protected":false},"excerpt":{"rendered":"<p><i>L&#8217;iniziativa si svolger\u00e0 dal 28 maggio al 13 giugno in diversi centri culturali e sportivi del comune.<\/i><\/p>\n","protected":false},"author":1,"featured_media":4243,"comment_status":"open","ping_status":"open","sticky":false,"template":"","format":"standard","meta":{"inline_featured_image":false,"jnews-multi-image_gallery":[],"jnews_single_post":[],"jnews_primary_category":[],"jnews_social_meta":[],"jnews_override_counter":[],"jnews_post_split":[],"footnotes":""},"categories":[298],"tags":[257],"class_list":["post-4251","post","type-post","status-publish","format-standard","has-post-thumbnail","hentry","category-pajara-it","tag-salute"],"jetpack_featured_media_url":"https:\/\/informacionlocal.es\/wp-content\/uploads\/2025\/05\/cartel-vacunacion-2025-salud-publica-definitivo-1.png","_links":{"self":[{"href":"https:\/\/informacionlocal.es\/it\/wp-json\/wp\/v2\/posts\/4251","targetHints":{"allow":["GET"]}}],"collection":[{"href":"https:\/\/informacionlocal.es\/it\/wp-json\/wp\/v2\/posts"}],"about":[{"href":"https:\/\/informacionlocal.es\/it\/wp-json\/wp\/v2\/types\/post"}],"author":[{"embeddable":true,"href":"https:\/\/informacionlocal.es\/it\/wp-json\/wp\/v2\/users\/1"}],"replies":[{"embeddable":true,"href":"https:\/\/informacionlocal.es\/it\/wp-json\/wp\/v2\/comments?post=4251"}],"version-history":[{"count":0,"href":"https:\/\/informacionlocal.es\/it\/wp-json\/wp\/v2\/posts\/4251\/revisions"}],"wp:featuredmedia":[{"embeddable":true,"href":"https:\/\/informacionlocal.es\/it\/wp-json\/wp\/v2\/media\/4243"}],"wp:attachment":[{"href":"https:\/\/informacionlocal.es\/it\/wp-json\/wp\/v2\/media?parent=4251"}],"wp:term":[{"taxonomy":"category","embeddable":true,"href":"https:\/\/informacionlocal.es\/it\/wp-json\/wp\/v2\/categories?post=4251"},{"taxonomy":"post_tag","embeddable":true,"href":"https:\/\/informacionlocal.es\/it\/wp-json\/wp\/v2\/tags?post=4251"}],"curies":[{"name":"wp","href":"https:\/\/api.w.org\/{rel}","templated":true}]}}