{"id":4210,"date":"2025-05-23T11:23:10","date_gmt":"2025-05-23T11:23:10","guid":{"rendered":"https:\/\/informacionlocal.es\/antigua-si-congratula-per-l-unione-e-l-integrazione-delle-associazioni-imprenditoriali-italo-canarie-in-fedasur\/"},"modified":"2025-05-23T11:23:10","modified_gmt":"2025-05-23T11:23:10","slug":"antigua-si-congratula-per-l-unione-e-l-integrazione-delle-associazioni-imprenditoriali-italo-canarie-in-fedasur","status":"publish","type":"post","link":"https:\/\/informacionlocal.es\/it\/antigua-si-congratula-per-l-unione-e-l-integrazione-delle-associazioni-imprenditoriali-italo-canarie-in-fedasur\/","title":{"rendered":"Antigua si congratula per l \u201cunione e l\u201d integrazione delle associazioni imprenditoriali italo-canarie in Fedasur"},"content":{"rendered":"<div class=\"elementor-widget-container\">\n<p>Antigua si congratula per l \u201cunione e l\u201d integrazione delle associazioni imprenditoriali italo-canarie in Fedasur<\/p>\n<p>&#8211; Il sindaco, Mat\u00edas Pe\u00f1a, si congratula per l&#8217;unit\u00e0 dimostrata dalle associazioni imprenditoriali che si sono unite nella Federazione delle Associazioni Canarie del Sud Atlantico.<\/p>\n<p>Avevamo annunciato al sindaco di Antigua l \u201cobiettivo di unirci, e ora possiamo annunciare che l\u201d obiettivo \u00e8 stato raggiunto, dice il rappresentante commerciale Adamo Costella, ora siamo pi\u00f9 forti e lui ci ha al suo fianco per lo sviluppo e la promozione del comune.<\/p>\n<p>Gioved\u00ec 22 maggio, nei saloni dell \u201cHotel Ereza Mar di Caleta de Fuste, come annunciato qualche giorno prima al sindaco di Antigua, Mat\u00edas Pe\u00f1a Garc\u00eda, i rappresentanti di sei associazioni imprenditoriali appartenenti all\u201d Associazione Alleanza Imprenditoriale Italo Canaria, presieduta da Simona Fogado, hanno firmato la loro incorporazione nella Federazione delle Associazioni delle Isole Canarie del Sud Atlantico, FEDASUR.<\/p>\n<p>Il sindaco si congratula con le associazioni imprenditoriali italiane presenti ad Antigua, Caleta de Fuste e localit\u00e0, per il loro lavoro di unit\u00e0, che permette loro di unire le forze e i criteri per promuovere e migliorare lo sviluppo delle imprese, conclude Mat\u00edas Pe\u00f1a, che a sua volta \u00e8 vantaggioso e necessario per lo sviluppo del comune stesso.<\/p>\n<\/div>\n","protected":false},"excerpt":{"rendered":"<p>Antigua si congratula per l \u201cunione e l\u201d integrazione delle associazioni imprenditoriali italo-canarie in Fedasur &#8211; Il sindaco, Mat\u00edas Pe\u00f1a, si congratula per l&#8217;unit\u00e0 dimostrata dalle associazioni imprenditoriali che si [&hellip;]<\/p>\n","protected":false},"author":1,"featured_media":4207,"comment_status":"open","ping_status":"open","sticky":false,"template":"","format":"standard","meta":{"inline_featured_image":false,"jnews-multi-image_gallery":[],"jnews_single_post":[],"jnews_primary_category":[],"jnews_social_meta":[],"jnews_override_counter":[],"jnews_post_split":[],"footnotes":""},"categories":[282],"tags":[220],"class_list":["post-4210","post","type-post","status-publish","format-standard","has-post-thumbnail","hentry","category-antigua-it","tag-integrazione"],"jetpack_featured_media_url":"https:\/\/informacionlocal.es\/wp-content\/uploads\/2025\/05\/antigua-felicita-la-union-e-integracion-de-las-asociaciones-empresariales-italo-canarias-en-fedasur.jpg","_links":{"self":[{"href":"https:\/\/informacionlocal.es\/it\/wp-json\/wp\/v2\/posts\/4210","targetHints":{"allow":["GET"]}}],"collection":[{"href":"https:\/\/informacionlocal.es\/it\/wp-json\/wp\/v2\/posts"}],"about":[{"href":"https:\/\/informacionlocal.es\/it\/wp-json\/wp\/v2\/types\/post"}],"author":[{"embeddable":true,"href":"https:\/\/informacionlocal.es\/it\/wp-json\/wp\/v2\/users\/1"}],"replies":[{"embeddable":true,"href":"https:\/\/informacionlocal.es\/it\/wp-json\/wp\/v2\/comments?post=4210"}],"version-history":[{"count":0,"href":"https:\/\/informacionlocal.es\/it\/wp-json\/wp\/v2\/posts\/4210\/revisions"}],"wp:featuredmedia":[{"embeddable":true,"href":"https:\/\/informacionlocal.es\/it\/wp-json\/wp\/v2\/media\/4207"}],"wp:attachment":[{"href":"https:\/\/informacionlocal.es\/it\/wp-json\/wp\/v2\/media?parent=4210"}],"wp:term":[{"taxonomy":"category","embeddable":true,"href":"https:\/\/informacionlocal.es\/it\/wp-json\/wp\/v2\/categories?post=4210"},{"taxonomy":"post_tag","embeddable":true,"href":"https:\/\/informacionlocal.es\/it\/wp-json\/wp\/v2\/tags?post=4210"}],"curies":[{"name":"wp","href":"https:\/\/api.w.org\/{rel}","templated":true}]}}