{"id":4186,"date":"2025-05-22T20:23:32","date_gmt":"2025-05-22T20:23:32","guid":{"rendered":"https:\/\/informacionlocal.es\/puerto-del-rosario-esprime-il-suo-cordoglio-per-la-morte-del-poeta-andres-gonzalez-frances\/"},"modified":"2025-05-22T20:23:32","modified_gmt":"2025-05-22T20:23:32","slug":"puerto-del-rosario-esprime-il-suo-cordoglio-per-la-morte-del-poeta-andres-gonzalez-frances","status":"publish","type":"post","link":"https:\/\/informacionlocal.es\/it\/puerto-del-rosario-esprime-il-suo-cordoglio-per-la-morte-del-poeta-andres-gonzalez-frances\/","title":{"rendered":"Puerto del Rosario esprime il suo cordoglio per la morte del poeta Andr\u00e9s Gonz\u00e1lez Franc\u00e9s"},"content":{"rendered":"<div class=\"entry-content\">\n<div class=\"xdj266r x11i5rnm xat24cr x1mh8g0r x1vvkbs x126k92a\">\n<div dir=\"auto\">Il Comune di Puerto del Rosario esprime il proprio cordoglio per la morte del poeta Andr\u00e9s Gonz\u00e1lez Franc\u00e9s, che recentemente ha ricevuto un omaggio da questa Istituzione.<\/div>\n<div dir=\"auto\">Ogni poeta, dall \u201cintimit\u00e0 della sua penna, \u00e8 universale, e la sua originalit\u00e0 \u00e8 perfettamente distinguibile dall\u201d approccio a qualsiasi sua poesia. Questo \u00e8 senza dubbio il caso di Andr\u00e9s Gonz\u00e1lez Franc\u00e9s, che \u00e8 riuscito a elevare un \u201cimpronta personale come quelle che nascono dall\u201d esaltazione della passione del popolo per generare un modo riconoscibile di fare poesia che non sa fingere, n\u00e9 vuole farlo. Lo testimonia la traiettoria letteraria di Gonz\u00e1lez Franc\u00e9s, che pu\u00f2 essere confermata da una lettura serena della sua opera. D.E.P.   <\/div>\n<\/div>\n<\/div>\n","protected":false},"excerpt":{"rendered":"<p>Il Comune di Puerto del Rosario esprime il proprio cordoglio per la morte del poeta Andr\u00e9s Gonz\u00e1lez Franc\u00e9s, che recentemente ha ricevuto un omaggio da questa Istituzione. Ogni poeta, dall [&hellip;]<\/p>\n","protected":false},"author":1,"featured_media":4183,"comment_status":"open","ping_status":"open","sticky":false,"template":"","format":"standard","meta":{"inline_featured_image":false,"jnews-multi-image_gallery":[],"jnews_single_post":[],"jnews_primary_category":[],"jnews_social_meta":[],"jnews_override_counter":[],"jnews_post_split":[],"footnotes":""},"categories":[295],"tags":[],"class_list":["post-4186","post","type-post","status-publish","format-standard","has-post-thumbnail","hentry","category-puerto-del-rosario-it"],"jetpack_featured_media_url":"https:\/\/informacionlocal.es\/wp-content\/uploads\/2025\/05\/poeta-dep-andres-placa-alcalde-verdugo-scaled-1.jpg","_links":{"self":[{"href":"https:\/\/informacionlocal.es\/it\/wp-json\/wp\/v2\/posts\/4186","targetHints":{"allow":["GET"]}}],"collection":[{"href":"https:\/\/informacionlocal.es\/it\/wp-json\/wp\/v2\/posts"}],"about":[{"href":"https:\/\/informacionlocal.es\/it\/wp-json\/wp\/v2\/types\/post"}],"author":[{"embeddable":true,"href":"https:\/\/informacionlocal.es\/it\/wp-json\/wp\/v2\/users\/1"}],"replies":[{"embeddable":true,"href":"https:\/\/informacionlocal.es\/it\/wp-json\/wp\/v2\/comments?post=4186"}],"version-history":[{"count":0,"href":"https:\/\/informacionlocal.es\/it\/wp-json\/wp\/v2\/posts\/4186\/revisions"}],"wp:featuredmedia":[{"embeddable":true,"href":"https:\/\/informacionlocal.es\/it\/wp-json\/wp\/v2\/media\/4183"}],"wp:attachment":[{"href":"https:\/\/informacionlocal.es\/it\/wp-json\/wp\/v2\/media?parent=4186"}],"wp:term":[{"taxonomy":"category","embeddable":true,"href":"https:\/\/informacionlocal.es\/it\/wp-json\/wp\/v2\/categories?post=4186"},{"taxonomy":"post_tag","embeddable":true,"href":"https:\/\/informacionlocal.es\/it\/wp-json\/wp\/v2\/tags?post=4186"}],"curies":[{"name":"wp","href":"https:\/\/api.w.org\/{rel}","templated":true}]}}