{"id":4174,"date":"2025-05-22T16:53:06","date_gmt":"2025-05-22T16:53:06","guid":{"rendered":"https:\/\/informacionlocal.es\/imprese-e-amministrazione-procedono-insieme-nella-trasformazione-della-zona-industriale-di-risco-prieto\/"},"modified":"2025-05-22T16:53:06","modified_gmt":"2025-05-22T16:53:06","slug":"imprese-e-amministrazione-procedono-insieme-nella-trasformazione-della-zona-industriale-di-risco-prieto","status":"publish","type":"post","link":"https:\/\/informacionlocal.es\/it\/imprese-e-amministrazione-procedono-insieme-nella-trasformazione-della-zona-industriale-di-risco-prieto\/","title":{"rendered":"Imprese e amministrazione procedono insieme nella trasformazione della zona industriale di Risco Prieto"},"content":{"rendered":"<div class=\"entry-content\">\n<p>Il Comune di Puerto del Rosario ha reso noti i dettagli tecnici dell&#8217;esecuzione e dell&#8217;avanzamento del progetto di ammodernamento integrale della zona industriale di Risco Prieto, un&#8217;azione strategica che prevede un investimento di 3 milioni di euro da parte del PICOS.<\/p>\n<p>L \u201cincontro informativo ha visto la partecipazione dell\u201d assessore all \u201cIndustria, Luis Chac\u00f3n; dell\u201d assessore ai Lavori, Ana Hern\u00e1ndez; dell \u201cingegnere che ha redatto il progetto; di un tecnico del Cabildo di Fuerteventura e dei rappresentanti della comunit\u00e0 imprenditoriale della zona industriale, che hanno potuto conoscere da vicino i dettagli tecnici e funzionali dell\u201d intervento ed esprimere le loro preoccupazioni.<\/p>\n<p>Il progetto prevede importanti miglioramenti alle infrastrutture del sito, quali:<\/p>\n<ul>\n<li>Asfaltatura e rinnovo del manto stradale.<\/li>\n<li>Ricrescita e adattamento dei tombini.<\/li>\n<li>Adattamento degli attraversamenti pedonali ai criteri di accessibilit\u00e0 universale.<\/li>\n<li>Fornitura di nuovi posti auto per persone con mobilit\u00e0 ridotta (PRM).<\/li>\n<li>Miglioramento della rete di canalizzazione delle acque piovane per prevenire gli accumuli e promuovere un drenaggio efficiente.<\/li>\n<\/ul>\n<p><em>Il sindaco di Puerto del Rosario, <strong>David de Vera<\/strong>, ha sottolineato che <\/em><em>&#8220;Questo progetto non solo risponde a un&#8217;esigenza storica della zona industriale, ma fa parte di una pi\u00f9 ampia strategia di modernizzazione delle nostre aree industriali. Siamo impegnati a creare uno spazio pi\u00f9 competitivo, pi\u00f9 accessibile e meglio attrezzato, affinch\u00e9 le nostre aziende possano continuare a crescere e a generare occupazione&#8221;.<\/em><em>.<\/em><\/p>\n<p><em>Da parte sua, l&#8217;Assessore all&#8217;Industria, <strong>Luis Chac\u00f3n<\/strong>, ha sottolineato che <\/em><em>&#8220;Si tratta di un progetto dinamico e adattabile, che ha la capacit\u00e0 di rispondere alle esigenze e alle realt\u00e0 delle aziende con sede a Risco Prieto, dal settore dei servizi all&#8217;industria automobilistica, passando per l&#8217;edilizia, l&#8217;alimentare e le attrezzature per la casa. Il coinvolgimento degli imprenditori in questa fase \u00e8 fondamentale per garantire il successo del processo&#8221;.<\/em><em>.<\/em><\/p>\n<p><em>L&#8217;assessore ai Lavori Pubblici, <strong>Ana Hern\u00e1ndez<\/strong>, ha aggiunto che <\/em><em>&#8220;Dall&#8217;area dei Lavori siamo impegnati in un intervento che migliora la funzionalit\u00e0 e l&#8217;immagine della zona industriale, senza perdere di vista la sostenibilit\u00e0 e l&#8217;accessibilit\u00e0. Il miglioramento della rete delle acque piovane, la sicurezza dei pedoni e l&#8217;inclusione di spazi PRM sono esempi di questa visione globale&#8221;.<\/em><em>.<\/em><\/p>\n<p>Il Comune di Puerto del Rosario, in coordinamento con il Consiglio dell&#8217;Isola di Fuerteventura, mantiene il suo fermo impegno per lo sviluppo industriale del comune. Questo progetto rafforza l&#8217;impegno verso infrastrutture moderne e sostenibili al servizio dell&#8217;attivit\u00e0 economica. <\/p>\n<p>L \u201cincontro con gli imprenditori segna l\u201d inizio di una fase di dialogo e collaborazione continua che permetter\u00e0 di affinare le azioni e di adattarle, in ogni momento, alle reali esigenze del tessuto imprenditoriale locale.<\/p>\n<\/div>\n","protected":false},"excerpt":{"rendered":"<p>Il Comune di Puerto del Rosario ha reso noti i dettagli tecnici dell&#8217;esecuzione e dell&#8217;avanzamento del progetto di ammodernamento integrale della zona industriale di Risco Prieto, un&#8217;azione strategica che prevede [&hellip;]<\/p>\n","protected":false},"author":1,"featured_media":4171,"comment_status":"open","ping_status":"open","sticky":false,"template":"","format":"standard","meta":{"inline_featured_image":false,"jnews-multi-image_gallery":[],"jnews_single_post":[],"jnews_primary_category":[],"jnews_social_meta":[],"jnews_override_counter":[],"jnews_post_split":[],"footnotes":""},"categories":[295],"tags":[223,341],"class_list":["post-4174","post","type-post","status-publish","format-standard","has-post-thumbnail","hentry","category-puerto-del-rosario-it","tag-fuerteventura-it","tag-infrastrutture-it"],"jetpack_featured_media_url":"https:\/\/informacionlocal.es\/wp-content\/uploads\/2025\/05\/risco-33-prieto-reunion-0525.jpg","_links":{"self":[{"href":"https:\/\/informacionlocal.es\/it\/wp-json\/wp\/v2\/posts\/4174","targetHints":{"allow":["GET"]}}],"collection":[{"href":"https:\/\/informacionlocal.es\/it\/wp-json\/wp\/v2\/posts"}],"about":[{"href":"https:\/\/informacionlocal.es\/it\/wp-json\/wp\/v2\/types\/post"}],"author":[{"embeddable":true,"href":"https:\/\/informacionlocal.es\/it\/wp-json\/wp\/v2\/users\/1"}],"replies":[{"embeddable":true,"href":"https:\/\/informacionlocal.es\/it\/wp-json\/wp\/v2\/comments?post=4174"}],"version-history":[{"count":0,"href":"https:\/\/informacionlocal.es\/it\/wp-json\/wp\/v2\/posts\/4174\/revisions"}],"wp:featuredmedia":[{"embeddable":true,"href":"https:\/\/informacionlocal.es\/it\/wp-json\/wp\/v2\/media\/4171"}],"wp:attachment":[{"href":"https:\/\/informacionlocal.es\/it\/wp-json\/wp\/v2\/media?parent=4174"}],"wp:term":[{"taxonomy":"category","embeddable":true,"href":"https:\/\/informacionlocal.es\/it\/wp-json\/wp\/v2\/categories?post=4174"},{"taxonomy":"post_tag","embeddable":true,"href":"https:\/\/informacionlocal.es\/it\/wp-json\/wp\/v2\/tags?post=4174"}],"curies":[{"name":"wp","href":"https:\/\/api.w.org\/{rel}","templated":true}]}}