{"id":4138,"date":"2025-05-22T08:32:58","date_gmt":"2025-05-22T08:32:58","guid":{"rendered":"https:\/\/informacionlocal.es\/il-comune-di-pajara-celebra-la-giornata-delle-isole-canarie-con-una-festa-popolare-ricca-di-musica-e-sapori-tradizionali\/"},"modified":"2025-05-22T08:32:58","modified_gmt":"2025-05-22T08:32:58","slug":"il-comune-di-pajara-celebra-la-giornata-delle-isole-canarie-con-una-festa-popolare-ricca-di-musica-e-sapori-tradizionali","status":"publish","type":"post","link":"https:\/\/informacionlocal.es\/it\/il-comune-di-pajara-celebra-la-giornata-delle-isole-canarie-con-una-festa-popolare-ricca-di-musica-e-sapori-tradizionali\/","title":{"rendered":"Il Comune di P\u00e1jara celebra la Giornata delle Isole Canarie con una festa popolare ricca di musica e sapori tradizionali."},"content":{"rendered":"<div class=\"entry-content\">\n<p><b><i>L&#8217;evento si svolger\u00e0 il 29 e 30 maggio nelle citt\u00e0 di Morro Jable e P\u00e1jara, con spettacoli folcloristici e costumi tradizionali.<\/i><\/b><\/p>\n<p><span>Il Municipio di P\u00e1jara invita la cittadinanza a vivere due giorni di festa in occasione della Giornata delle Isole Canarie, il 29 e 30 maggio, in cui tradizione, musica popolare e partecipazione comunitaria saranno i temi centrali della celebrazione.  <\/span><\/p>\n<p><span>L&#8217;assessore alla Cultura, Raquel Acosta, sottolinea che &#8220;la cultura canaria non \u00e8 solo ereditata, ma anche vissuta e condivisa, e questo tipo di eventi \u00e8 essenziale per mantenere viva questa essenza&#8221;. Aggiunge che &#8220;vogliamo che i cittadini si sentano parte attiva di questa accelerazione, quindi invitiamo tutti i residenti a partecipare, non solo portando piatti tradizionali, ma anche venendo vestiti con i costumi tipici&#8221;.   <\/span><\/p>\n<p><span>Da parte sua, il sindaco di P\u00e1jara, Alejandro Jorge, invita tutta la popolazione a partecipare a questi due giorni di festeggiamenti e sottolinea che &#8220;queste feste sono un&#8217;occasione unica per riconnetterci con le nostre radici e condividere il meglio della nostra cultura&#8221;.<\/span><\/p>\n<p><span>Il programma prende il via mercoled\u00ec 29 maggio alle 19:00 nella Plaza de los Pescadores di Morro Jable, con la partecipazione dei gruppi folcloristici A.F. Dunas de Corralejo, La Cebada, Los Mantequillas e La Polvajera.  <\/span><\/p>\n<p><span>Il festival proseguir\u00e0 gioved\u00ec 30 maggio, giorno delle Canarie, a partire dalle 12:00, nella Plaza de Nuestra Se\u00f1ora de Regla, nella citt\u00e0 di P\u00e1jara. Il gruppo El Golpito si occuper\u00e0 di animare la giornata, insieme alle nuove performance de La Cebada e La Polvajera.   <\/span><\/p>\n<p><span>Durante entrambe le giornate, lo spirito comunitario sar\u00e0 favorito da spazi condivisi, dove i cittadini potranno riunirsi attorno a tavoli comuni e gustare piatti tipici preparati dagli stessi partecipanti. Inoltre, la celebrazione avr\u00e0 un \u201catmosfera tradizionale, consolidando questa festa come riflesso delle radici culturali e dell\u201d impegno del Comune nei confronti delle sue tradizioni. <\/span><\/p>\n<p><img fetchpriority=\"high\" decoding=\"async\" class=\"alignnone size-medium wp-image-20314\" src=\"https:\/\/informacionlocal.es\/wp-content\/uploads\/2025\/05\/dia-de-canarias-212x300-1.png\" width=\"212\" height=\"300\" title=\"dia-de-canarias-212x300-1\"><\/p>\n<\/div>\n","protected":false},"excerpt":{"rendered":"<p><i>L&#8217;evento si svolger\u00e0 il 29 e 30 maggio nelle citt\u00e0 di Morro Jable e P\u00e1jara, con spettacoli folcloristici e costumi tradizionali.<\/i><\/p>\n","protected":false},"author":1,"featured_media":4131,"comment_status":"open","ping_status":"open","sticky":false,"template":"","format":"standard","meta":{"inline_featured_image":false,"jnews-multi-image_gallery":[],"jnews_single_post":[],"jnews_primary_category":[],"jnews_social_meta":[],"jnews_override_counter":[],"jnews_post_split":[],"footnotes":""},"categories":[298],"tags":[],"class_list":["post-4138","post","type-post","status-publish","format-standard","has-post-thumbnail","hentry","category-pajara-it"],"jetpack_featured_media_url":"https:\/\/informacionlocal.es\/wp-content\/uploads\/2025\/05\/dia-de-canarias.png","_links":{"self":[{"href":"https:\/\/informacionlocal.es\/it\/wp-json\/wp\/v2\/posts\/4138","targetHints":{"allow":["GET"]}}],"collection":[{"href":"https:\/\/informacionlocal.es\/it\/wp-json\/wp\/v2\/posts"}],"about":[{"href":"https:\/\/informacionlocal.es\/it\/wp-json\/wp\/v2\/types\/post"}],"author":[{"embeddable":true,"href":"https:\/\/informacionlocal.es\/it\/wp-json\/wp\/v2\/users\/1"}],"replies":[{"embeddable":true,"href":"https:\/\/informacionlocal.es\/it\/wp-json\/wp\/v2\/comments?post=4138"}],"version-history":[{"count":0,"href":"https:\/\/informacionlocal.es\/it\/wp-json\/wp\/v2\/posts\/4138\/revisions"}],"wp:featuredmedia":[{"embeddable":true,"href":"https:\/\/informacionlocal.es\/it\/wp-json\/wp\/v2\/media\/4131"}],"wp:attachment":[{"href":"https:\/\/informacionlocal.es\/it\/wp-json\/wp\/v2\/media?parent=4138"}],"wp:term":[{"taxonomy":"category","embeddable":true,"href":"https:\/\/informacionlocal.es\/it\/wp-json\/wp\/v2\/categories?post=4138"},{"taxonomy":"post_tag","embeddable":true,"href":"https:\/\/informacionlocal.es\/it\/wp-json\/wp\/v2\/tags?post=4138"}],"curies":[{"name":"wp","href":"https:\/\/api.w.org\/{rel}","templated":true}]}}