{"id":4111,"date":"2025-05-21T17:11:15","date_gmt":"2025-05-21T17:11:15","guid":{"rendered":"https:\/\/informacionlocal.es\/una-nuova-sessione-plenaria-per-bambini-e-adolescenti-si-tiene-nel-municipio-di-puerto-del-rosario\/"},"modified":"2025-05-21T17:11:15","modified_gmt":"2025-05-21T17:11:15","slug":"una-nuova-sessione-plenaria-per-bambini-e-adolescenti-si-tiene-nel-municipio-di-puerto-del-rosario","status":"publish","type":"post","link":"https:\/\/informacionlocal.es\/it\/una-nuova-sessione-plenaria-per-bambini-e-adolescenti-si-tiene-nel-municipio-di-puerto-del-rosario\/","title":{"rendered":"Una nuova sessione plenaria per bambini e adolescenti si tiene nel Municipio di Puerto del Rosario."},"content":{"rendered":"<div class=\"entry-content\">\n<p>Marted\u00ec 20 maggio si \u00e8 tenuta la sessione plenaria del Consiglio per l \u201cinfanzia e l\u201d adolescenza, nell \u201cambito delle due riunioni annuali ordinarie. I bambini e gli adolescenti hanno avuto l\u201d opportunit\u00e0 di esporre ed esprimere i loro bisogni, concentrandosi sul seguente ordine del giorno: <\/p>\n<p>Al primo punto dell \u201cordine del giorno,<strong> Responsabilit\u00e0 <\/strong>, sono state rese note le richieste della precedente Plenaria in merito all\u201d accessibilit\u00e0 del Centro di Educazione Speciale. Sviluppare azioni per sensibilizzare i bambini e i giovani sulla vita della famosa figura di Miguel de Unamuno. <\/p>\n<p>Nel secondo punto<strong>, Devoluzione delle giornate dell \u201cadolescenza, <\/strong>sono state dettagliate le azioni incentrate sui giovani, sull\u201d urbanistica e su 6 progetti sociali, al fine di dare priorit\u00e0 alla loro attuazione.<\/p>\n<p>Per quanto riguarda il terzo punto,<strong> Rebotallo adolescenti e Rebotallo Mix, <\/strong>sono state annunciate le attivit\u00e0 per i giovani del Comune che sono state sviluppate e l&#8217;invito a tutti i cittadini con il Rebotallo Mix il 28 giugno al mattino presso il Centro Culturale di Los Pozos.<\/p>\n<p>Secondo il quarto punto chiamato, <strong>Azioni in collaborazione con l&#8217;associazione spagnola contro il cancro del consiglio dell&#8217;isola di Fuerteventura, <\/strong>con 4 azioni molto specifiche in cui l&#8217;ospedale Virgen de la Pe\u00f1a sar\u00e0 considerato uno spazio libero dal fumo, la formazione tra pari nella prevenzione del cancro, il CAI come organismo di convalida per le guide metodologiche e un video da pubblicare a giugno per sensibilizzare sul cancro della pelle.<\/p>\n<p><strong> <\/strong><strong>CEIP Poeta Domingo Vel\u00e1zquez: l&#8217;iniziativa ABP (project-based learning),<\/strong> \u00e8 stata il quinto punto, che ha coinvolto la partecipazione di studenti, insegnanti e preside della scuola nella presentazione di progetti di ricerca e sviluppo, gli studenti hanno sviluppato un modello di &#8220;Smart City&#8221; e un parco divertimenti applicando il pensiero computazionale, questa citt\u00e0 basata su Puerto del Rosario, la nostra citt\u00e0. Attraverso l&#8217;apprendimento basato sull&#8217;indagine e il lavoro cooperativo. <\/p>\n<p>Infine, la plenaria si \u00e8 conclusa ringraziando la giovane Raquel che, dopo 9 anni nell&#8217;iniziativa Citt\u00e0 amica dei bambini, si congeda dopo aver raggiunto la maggiore et\u00e0.<\/p>\n<\/p>\n<p><strong> <\/strong><\/p>\n<p><strong> <\/strong><\/p>\n<\/p>\n<p><strong> <\/strong><\/p>\n<\/p>\n<p><strong> <\/strong><\/p>\n<\/p>\n<p><strong> <\/strong><\/p>\n<\/div>\n","protected":false},"excerpt":{"rendered":"<p>Marted\u00ec 20 maggio si \u00e8 tenuta la sessione plenaria del Consiglio per l \u201cinfanzia e l\u201d adolescenza, nell \u201cambito delle due riunioni annuali ordinarie. I bambini e gli adolescenti hanno [&hellip;]<\/p>\n","protected":false},"author":1,"featured_media":4107,"comment_status":"open","ping_status":"open","sticky":false,"template":"","format":"standard","meta":{"inline_featured_image":false,"jnews-multi-image_gallery":[],"jnews_single_post":[],"jnews_primary_category":[],"jnews_social_meta":[],"jnews_override_counter":[],"jnews_post_split":[],"footnotes":""},"categories":[295],"tags":[309,223,235],"class_list":["post-4111","post","type-post","status-publish","format-standard","has-post-thumbnail","hentry","category-puerto-del-rosario-it","tag-educacion-it","tag-fuerteventura-it","tag-inviti-a-presentare-candidature"],"jetpack_featured_media_url":"https:\/\/informacionlocal.es\/wp-content\/uploads\/2025\/05\/cai-55-pleno-200525-escalera-scaled-1.jpg","_links":{"self":[{"href":"https:\/\/informacionlocal.es\/it\/wp-json\/wp\/v2\/posts\/4111","targetHints":{"allow":["GET"]}}],"collection":[{"href":"https:\/\/informacionlocal.es\/it\/wp-json\/wp\/v2\/posts"}],"about":[{"href":"https:\/\/informacionlocal.es\/it\/wp-json\/wp\/v2\/types\/post"}],"author":[{"embeddable":true,"href":"https:\/\/informacionlocal.es\/it\/wp-json\/wp\/v2\/users\/1"}],"replies":[{"embeddable":true,"href":"https:\/\/informacionlocal.es\/it\/wp-json\/wp\/v2\/comments?post=4111"}],"version-history":[{"count":0,"href":"https:\/\/informacionlocal.es\/it\/wp-json\/wp\/v2\/posts\/4111\/revisions"}],"wp:featuredmedia":[{"embeddable":true,"href":"https:\/\/informacionlocal.es\/it\/wp-json\/wp\/v2\/media\/4107"}],"wp:attachment":[{"href":"https:\/\/informacionlocal.es\/it\/wp-json\/wp\/v2\/media?parent=4111"}],"wp:term":[{"taxonomy":"category","embeddable":true,"href":"https:\/\/informacionlocal.es\/it\/wp-json\/wp\/v2\/categories?post=4111"},{"taxonomy":"post_tag","embeddable":true,"href":"https:\/\/informacionlocal.es\/it\/wp-json\/wp\/v2\/tags?post=4111"}],"curies":[{"name":"wp","href":"https:\/\/api.w.org\/{rel}","templated":true}]}}