{"id":4099,"date":"2025-05-21T13:50:23","date_gmt":"2025-05-21T13:50:23","guid":{"rendered":"https:\/\/informacionlocal.es\/i-pettorali-per-il-xiii-miglio-barcelo-caleta-de-fuste-possono-essere-ritirati-da-oggi-presso-la-thalasso-spa-fuerteventura\/"},"modified":"2025-05-21T13:50:23","modified_gmt":"2025-05-21T13:50:23","slug":"i-pettorali-per-il-xiii-miglio-barcelo-caleta-de-fuste-possono-essere-ritirati-da-oggi-presso-la-thalasso-spa-fuerteventura","status":"publish","type":"post","link":"https:\/\/informacionlocal.es\/it\/i-pettorali-per-il-xiii-miglio-barcelo-caleta-de-fuste-possono-essere-ritirati-da-oggi-presso-la-thalasso-spa-fuerteventura\/","title":{"rendered":"I pettorali per il XIII Miglio Barcel\u00f3 Caleta de Fuste possono essere ritirati da oggi presso la Thalasso Spa Fuerteventura."},"content":{"rendered":"<div class=\"elementor-widget-container\">\n<p><strong>I pettorali per il XIII Miglio Barcel\u00f3 Caleta de Fuste possono essere ritirati da oggi presso la Thalasso Spa Fuerteventura.<\/strong><\/p>\n<p><strong>Il record di 300 iscrizioni online per il XIII Miglio Barcel\u00f3 Caleta de Fuste potrebbe addirittura aumentare il giorno della gara.<\/strong><\/p>\n<p><strong>&#8211; A causa dell&#8217;elevato numero di iscrizioni alla XIII Milla Barcel\u00f3 Caleta de Fuste, i pettorali possono essere ritirati a partire da oggi presso la Thalasso Spa Barcel\u00f3 Fuerteventura.  <\/strong><br \/><strong>&#8211; Jos\u00e9 Ojeda, campione canario di Trail 2025, padrino della nuova edizione della Milla Barcel\u00f3 Caleta de Fuste.<\/strong><br \/><strong>&#8211; La corsa popolare Barcel\u00f3 Caleta de Fuste Caleta de Fuste Barcel\u00f3 Mile si terr\u00e0 venerd\u00ec 23 maggio alle ore 18.00.  <\/strong><br \/><strong>&#8211; L&#8217;iscrizione alla gara \u00e8 gratuita e pu\u00f2 essere effettuata il giorno della partenza.<\/strong><\/p>\n<p>Un miglio urbano che supera le aspettative di registrazione in questa nuova edizione, essendo un evento importante nel calendario sportivo del comune e dell&#8217;isola, e un esempio di collaborazione tra il gruppo alberghiero Barcel\u00f3 e il Comune di Antigua, dice il sindaco, Mat\u00edas Pe\u00f1a.<\/p>\n<p>L \u201cAssessore allo Sport, Samuel Torres, ricorda che tutti i corridori iscritti online al XIII Miglio Barcel\u00f3 Caleta de Fuste possono ritirare il proprio pettorale a partire da questo mercoled\u00ec dalle ore 17:00 fino al giorno della gara, nell\u201d area allestita dal gruppo alberghiero nella Thalasso Spa Barcel\u00f3 Fuerteventura.<\/p>\n<\/p>\n<\/div>\n","protected":false},"excerpt":{"rendered":"<p><strong>I pettorali per il XIII Miglio Barcel\u00f3 Caleta de Fuste possono essere ritirati da oggi presso la Thalasso Spa Fuerteventura.<\/strong><\/p>\n","protected":false},"author":1,"featured_media":4095,"comment_status":"open","ping_status":"open","sticky":false,"template":"","format":"standard","meta":{"inline_featured_image":false,"jnews-multi-image_gallery":[],"jnews_single_post":[],"jnews_primary_category":[],"jnews_social_meta":[],"jnews_override_counter":[],"jnews_post_split":[],"footnotes":""},"categories":[282],"tags":[223],"class_list":["post-4099","post","type-post","status-publish","format-standard","has-post-thumbnail","hentry","category-antigua-it","tag-fuerteventura-it"],"jetpack_featured_media_url":"https:\/\/informacionlocal.es\/wp-content\/uploads\/2025\/05\/cartel-milla-2025-imagenes-1-scaled-2.jpg","_links":{"self":[{"href":"https:\/\/informacionlocal.es\/it\/wp-json\/wp\/v2\/posts\/4099","targetHints":{"allow":["GET"]}}],"collection":[{"href":"https:\/\/informacionlocal.es\/it\/wp-json\/wp\/v2\/posts"}],"about":[{"href":"https:\/\/informacionlocal.es\/it\/wp-json\/wp\/v2\/types\/post"}],"author":[{"embeddable":true,"href":"https:\/\/informacionlocal.es\/it\/wp-json\/wp\/v2\/users\/1"}],"replies":[{"embeddable":true,"href":"https:\/\/informacionlocal.es\/it\/wp-json\/wp\/v2\/comments?post=4099"}],"version-history":[{"count":0,"href":"https:\/\/informacionlocal.es\/it\/wp-json\/wp\/v2\/posts\/4099\/revisions"}],"wp:featuredmedia":[{"embeddable":true,"href":"https:\/\/informacionlocal.es\/it\/wp-json\/wp\/v2\/media\/4095"}],"wp:attachment":[{"href":"https:\/\/informacionlocal.es\/it\/wp-json\/wp\/v2\/media?parent=4099"}],"wp:term":[{"taxonomy":"category","embeddable":true,"href":"https:\/\/informacionlocal.es\/it\/wp-json\/wp\/v2\/categories?post=4099"},{"taxonomy":"post_tag","embeddable":true,"href":"https:\/\/informacionlocal.es\/it\/wp-json\/wp\/v2\/tags?post=4099"}],"curies":[{"name":"wp","href":"https:\/\/api.w.org\/{rel}","templated":true}]}}